{"id":132090,"date":"2022-03-30T16:43:16","date_gmt":"2022-03-30T19:43:16","guid":{"rendered":"https:\/\/senoticias.com.br\/se\/?p=132090"},"modified":"2022-03-30T19:45:40","modified_gmt":"2022-03-30T22:45:40","slug":"terminal-dos-mercados-de-aracaju-recebe-seis-novas-linhas-integradas-de-onibus-a-partir-desta-sexta-feira","status":"publish","type":"post","link":"https:\/\/senoticias.com.br\/se\/terminal-dos-mercados-de-aracaju-recebe-seis-novas-linhas-integradas-de-onibus-a-partir-desta-sexta-feira\/","title":{"rendered":"Terminal do Mercado recebe seis novas linhas a partir desta sexta-feira, 1\u00ba"},"content":{"rendered":"\n<p>A partir da pr\u00f3xima sexta-feira, 1\u00ba de abril, mais seis linhas de \u00f4nibus passam a fazer parte do sistema integrado do transporte p\u00fablico da capital. As linhas, que circulam na regi\u00e3o metropolitana de Aracaju, ser\u00e3o inseridas no novo Terminal de Integra\u00e7\u00e3o Manoel Aguiar Menezes, rec\u00e9m inaugurado pela Prefeitura de Aracaju na regi\u00e3o dos mercados.<\/p>\n\n\n\n<p>As seis linhas j\u00e1 faziam parte do sistema, mas n\u00e3o eram integradas, ou seja, nenhuma delas acessava os terminais de integra\u00e7\u00e3o da capital e regi\u00e3o metropolitana. De acordo com o superintendente Municipal de Transporte e Tr\u00e2nsito (SMTT) de Aracaju, Renato Telles, a integra\u00e7\u00e3o dessas linhas representa um benef\u00edcio para a popula\u00e7\u00e3o.<\/p>\n\n\n\n<figure class=\"wp-block-image size-large\"><img loading=\"lazy\" decoding=\"async\" width=\"599\" height=\"400\" src=\"https:\/\/senoticias.com.br\/se\/wp-content\/uploads\/2021\/02\/onibus-senoticias-e1613825857959.jpg\" alt=\"\" class=\"wp-image-126773\"\/><figcaption> As seis linhas j\u00e1 faziam parte do sistema, mas n\u00e3o eram integradas.  &#8211; Foto: Jorge Henrique\/SMTT\/Aju<\/figcaption><\/figure>\n\n\n\n<p><\/p>\n\n\n\n<p>&#8220;As seis linhas faziam seu itiner\u00e1rio at\u00e9 a avenida Dr. Carlos Firpo, que era o final de linha. Agora, a partir da pr\u00f3xima sexta-feira, esses \u00f4nibus mant\u00eam seu itiner\u00e1rio habitual, mas passam a integrar o sistema do Terminal do Mercado, possibilitando \u00e0 popula\u00e7\u00e3o descer no terminal e pegar outro \u00f4nibus sem precisar pagar outra passagem. Sem d\u00favida, um ganho para o usu\u00e1rio do transporte p\u00fablico\u201d, destacou.<\/p>\n\n\n\n<p>As linhas que passam a fazer parte do sistema integrado no Terminal do Mercado <strong>s\u00e3o:<\/strong><\/p>\n\n\n\n<ul class=\"wp-block-list\"><li>704 &#8211; Conjunto Jardim\/ Mercado via Osvaldo Aranha<\/li><li>705 &#8211; Parque dos Far\u00f3is \/ Mercado via Osvaldo Aranha<\/li><li>713 &#8211; S\u00e3o Crist\u00f3v\u00e3o \/ Mercado via Osvaldo Aranha<\/li><li>716 &#8211; Socorro \/ Mercado via Osvaldo Aranha<\/li><li>718 &#8211; Guajar\u00e1 \/ Mercado via Osvaldo Aranha<\/li><li>719 &#8211; Sobrado \/ Mercado via Osvaldo Aranha<\/li><\/ul>\n\n\n\n<p>Para saber hor\u00e1rios e itiner\u00e1rios das linhas, basta acessar <strong><a href=\"http:\/\/www.smttaju.com.br\/\">www.smttaju.com.br<\/a><\/strong>.<\/p>\n\n\n\n<p><em>Quer receber as principais not\u00edcias do&nbsp;<strong>SE Not\u00edcias<\/strong>&nbsp;no seu&nbsp;<strong>WhatsApp?<\/strong>&nbsp;<strong><a href=\"https:\/\/api.whatsapp.com\/send?phone=5579991715289\">Clique aqui<\/a><\/strong>.<\/em><\/p>\n\n\n\n<p>Fonte: Ag\u00eancia Aracaju de Not\u00edcias<\/p>\n","protected":false},"excerpt":{"rendered":"<p>A partir da pr\u00f3xima sexta-feira, 1\u00ba de abril, mais seis linhas de \u00f4nibus passam a fazer parte do sistema integrado do transporte p\u00fablico da capital. As linhas, que circulam na regi\u00e3o metropolitana de Aracaju, ser\u00e3o inseridas no novo Terminal de Integra\u00e7\u00e3o Manoel Aguiar Menezes, rec\u00e9m inaugurado pela Prefeitura de Aracaju na regi\u00e3o dos mercados. As [&hellip;]<\/p>\n","protected":false},"author":6557,"featured_media":0,"comment_status":"closed","ping_status":"closed","sticky":false,"template":"","format":"standard","meta":{"footnotes":""},"categories":[15,8],"tags":[36210,36211,3704],"class_list":{"0":"post-132090","1":"post","2":"type-post","3":"status-publish","4":"format-standard","6":"category-destaques","7":"category-esporte-e-cultura","8":"tag-novas-linhas-integradas-de-onibus","9":"tag-terminal-dos-mercados","10":"tag-transporte-publico"},"_links":{"self":[{"href":"https:\/\/senoticias.com.br\/se\/wp-json\/wp\/v2\/posts\/132090"}],"collection":[{"href":"https:\/\/senoticias.com.br\/se\/wp-json\/wp\/v2\/posts"}],"about":[{"href":"https:\/\/senoticias.com.br\/se\/wp-json\/wp\/v2\/types\/post"}],"author":[{"embeddable":true,"href":"https:\/\/senoticias.com.br\/se\/wp-json\/wp\/v2\/users\/6557"}],"replies":[{"embeddable":true,"href":"https:\/\/senoticias.com.br\/se\/wp-json\/wp\/v2\/comments?post=132090"}],"version-history":[{"count":0,"href":"https:\/\/senoticias.com.br\/se\/wp-json\/wp\/v2\/posts\/132090\/revisions"}],"wp:attachment":[{"href":"https:\/\/senoticias.com.br\/se\/wp-json\/wp\/v2\/media?parent=132090"}],"wp:term":[{"taxonomy":"category","embeddable":true,"href":"https:\/\/senoticias.com.br\/se\/wp-json\/wp\/v2\/categories?post=132090"},{"taxonomy":"post_tag","embeddable":true,"href":"https:\/\/senoticias.com.br\/se\/wp-json\/wp\/v2\/tags?post=132090"}],"curies":[{"name":"wp","href":"https:\/\/api.w.org\/{rel}","templated":true}]}}