{"id":132082,"date":"2022-03-29T15:54:00","date_gmt":"2022-03-29T18:54:00","guid":{"rendered":"https:\/\/senoticias.com.br\/se\/?p=132082"},"modified":"2022-03-29T15:54:06","modified_gmt":"2022-03-29T18:54:06","slug":"suspeito-de-tentar-abusar-da-filha-em-motel-de-aracaju-e-preso","status":"publish","type":"post","link":"https:\/\/senoticias.com.br\/se\/suspeito-de-tentar-abusar-da-filha-em-motel-de-aracaju-e-preso\/","title":{"rendered":"Suspeito de tentar abusar da filha em motel de Aracaju \u00e9 preso"},"content":{"rendered":"\n<p>Foi preso nesta ter\u00e7a-feira (29) um homem, de 42 anos, acusado de levar a filha para um motel na Zona Norte de Aracaju e tentar estupr\u00e1-la. A informa\u00e7\u00e3o foi confirmada pela Secretaria de Seguran\u00e7a P\u00fablica (SSP).<\/p>\n\n\n\n<p>Segundo a SSP, o caso aconteceu na \u00faltima quarta-feira (23). O homem teria acordoado a filha alegando que iria lev\u00e1-la para regularizar documentos, quando desviou o caminho e entrou no motel.<\/p>\n\n\n\n<p>Segundo a delegada Josefa Val\u00e9ria, a v\u00edtima percebeu algo estranho no comportamento do pai e pegou o celular para come\u00e7ar a gravar. &#8220;A atitude da jovem de filmar as cenas do local facilitou muito a investiga\u00e7\u00e3o&#8221;, disse.<\/p>\n\n\n\n<p>Ainda segundo a pol\u00edcia, durante as investiga\u00e7\u00f5es, foi constatado que o suspeito j\u00e1 havia estuprado uma outra filha.<\/p>\n\n\n\n<p>O homem teve a pris\u00e3o preventiva decretada e foi encaminhado ao sistema prisional.<\/p>\n","protected":false},"excerpt":{"rendered":"<p>Foi preso nesta ter\u00e7a-feira (29) um homem, de 42 anos, acusado de levar a filha para um motel na Zona Norte de Aracaju e tentar estupr\u00e1-la. A informa\u00e7\u00e3o foi confirmada pela Secretaria de Seguran\u00e7a P\u00fablica (SSP). Segundo a SSP, o caso aconteceu na \u00faltima quarta-feira (23). O homem teria acordoado a filha alegando que iria [&hellip;]<\/p>\n","protected":false},"author":6557,"featured_media":0,"comment_status":"closed","ping_status":"closed","sticky":false,"template":"","format":"standard","meta":{"footnotes":""},"categories":[1],"tags":[],"class_list":{"0":"post-132082","1":"post","2":"type-post","3":"status-publish","4":"format-standard","6":"category-sem-categoria"},"_links":{"self":[{"href":"https:\/\/senoticias.com.br\/se\/wp-json\/wp\/v2\/posts\/132082"}],"collection":[{"href":"https:\/\/senoticias.com.br\/se\/wp-json\/wp\/v2\/posts"}],"about":[{"href":"https:\/\/senoticias.com.br\/se\/wp-json\/wp\/v2\/types\/post"}],"author":[{"embeddable":true,"href":"https:\/\/senoticias.com.br\/se\/wp-json\/wp\/v2\/users\/6557"}],"replies":[{"embeddable":true,"href":"https:\/\/senoticias.com.br\/se\/wp-json\/wp\/v2\/comments?post=132082"}],"version-history":[{"count":0,"href":"https:\/\/senoticias.com.br\/se\/wp-json\/wp\/v2\/posts\/132082\/revisions"}],"wp:attachment":[{"href":"https:\/\/senoticias.com.br\/se\/wp-json\/wp\/v2\/media?parent=132082"}],"wp:term":[{"taxonomy":"category","embeddable":true,"href":"https:\/\/senoticias.com.br\/se\/wp-json\/wp\/v2\/categories?post=132082"},{"taxonomy":"post_tag","embeddable":true,"href":"https:\/\/senoticias.com.br\/se\/wp-json\/wp\/v2\/tags?post=132082"}],"curies":[{"name":"wp","href":"https:\/\/api.w.org\/{rel}","templated":true}]}}