{"id":132075,"date":"2022-03-28T20:30:15","date_gmt":"2022-03-28T23:30:15","guid":{"rendered":"https:\/\/senoticias.com.br\/se\/?p=132075"},"modified":"2022-03-28T20:30:22","modified_gmt":"2022-03-28T23:30:22","slug":"policia-civil-prende-motorista-de-aplicativo-por-assedio-sexual-contra-adolescente","status":"publish","type":"post","link":"https:\/\/senoticias.com.br\/se\/policia-civil-prende-motorista-de-aplicativo-por-assedio-sexual-contra-adolescente\/","title":{"rendered":"Pol\u00edcia Civil prende motorista de aplicativo por ass\u00e9dio sexual contra adolescente"},"content":{"rendered":"\n<p>A Pol\u00edcia Civil prendeu, na tarde desta segunda-feira (28), um motorista de aplicativo de 39 anos, investigado por&nbsp;importunar sexualmente uma adolescente de 16 anos, em um bairro da Zona Sul de Aracaju. O crime ocorreu no dia 13 de dezembro do ano passado durante uma viagem.<\/p>\n\n\n\n<figure class=\"wp-block-image size-large\"><img loading=\"lazy\" decoding=\"async\" width=\"551\" height=\"466\" src=\"https:\/\/senoticias.com.br\/se\/wp-content\/uploads\/2022\/01\/Policia-Civil-SE-Noticias.jpg\" alt=\"\" class=\"wp-image-131239\" srcset=\"https:\/\/senoticias.com.br\/se\/wp-content\/uploads\/2022\/01\/Policia-Civil-SE-Noticias.jpg 551w, https:\/\/senoticias.com.br\/se\/wp-content\/uploads\/2022\/01\/Policia-Civil-SE-Noticias-300x254.jpg 300w\" sizes=\"(max-width: 551px) 100vw, 551px\" \/><figcaption>Segundo os investigadores, o homem estava foragido desde a data do crime, ocorrido em dezembro do ano passado &#8211; Foto: SSP\/SE<\/figcaption><\/figure>\n\n\n\n<p>De acordo com as informa\u00e7\u00f5es policiais, a v\u00edtima havia solicitado uma corrida com destino a sua resid\u00eancia, quando, durante o caminho, o motorista desviou da rota estabelecida pelo aplicativo, parou o carro em local deserto e praticou diversos atos libidinosos contra a vontade da jovem.&nbsp;<\/p>\n\n\n\n<p>Ao chegar em sua resid\u00eancia, a v\u00edtima realizou uma den\u00fancia \u00e0 empresa de aplicativo, mas foi amea\u00e7ada pelo motorista no dia seguinte.&nbsp;<\/p>\n\n\n\n<p>O suspeito, que estava foragido desde a data do crime, foi encontrado em um munic\u00edpio do interior do estado pelas equipes da Delegacia Especial de Atendimento \u00e0 Crian\u00e7a e Adolescente V\u00edtima (Deacav), com apoio da Delegacia da Mulher.<\/p>\n\n\n\n<p><em>Quer receber as principais not\u00edcias do\u00a0<strong>SE Not\u00edcias<\/strong>\u00a0no seu\u00a0<strong>WhatsApp?<\/strong>\u00a0<strong><a href=\"https:\/\/api.whatsapp.com\/send?phone=5579991715289\">Clique aqui<\/a><\/strong>.<\/em><\/p>\n\n\n\n<p>Fonte: SSP\/SE<\/p>\n","protected":false},"excerpt":{"rendered":"<p>A Pol\u00edcia Civil prendeu, na tarde desta segunda-feira (28), um motorista de aplicativo de 39 anos, investigado por&nbsp;importunar sexualmente uma adolescente de 16 anos, em um bairro da Zona Sul de Aracaju. O crime ocorreu no dia 13 de dezembro do ano passado durante uma viagem. De acordo com as informa\u00e7\u00f5es policiais, a v\u00edtima havia [&hellip;]<\/p>\n","protected":false},"author":6557,"featured_media":0,"comment_status":"closed","ping_status":"closed","sticky":false,"template":"","format":"standard","meta":{"footnotes":""},"categories":[15,7],"tags":[34292,12166,78],"class_list":{"0":"post-132075","1":"post","2":"type-post","3":"status-publish","4":"format-standard","6":"category-destaques","7":"category-policia","8":"tag-assedio-sexual-2","9":"tag-motorista-de-aplicativo","10":"tag-policia-civil"},"_links":{"self":[{"href":"https:\/\/senoticias.com.br\/se\/wp-json\/wp\/v2\/posts\/132075"}],"collection":[{"href":"https:\/\/senoticias.com.br\/se\/wp-json\/wp\/v2\/posts"}],"about":[{"href":"https:\/\/senoticias.com.br\/se\/wp-json\/wp\/v2\/types\/post"}],"author":[{"embeddable":true,"href":"https:\/\/senoticias.com.br\/se\/wp-json\/wp\/v2\/users\/6557"}],"replies":[{"embeddable":true,"href":"https:\/\/senoticias.com.br\/se\/wp-json\/wp\/v2\/comments?post=132075"}],"version-history":[{"count":0,"href":"https:\/\/senoticias.com.br\/se\/wp-json\/wp\/v2\/posts\/132075\/revisions"}],"wp:attachment":[{"href":"https:\/\/senoticias.com.br\/se\/wp-json\/wp\/v2\/media?parent=132075"}],"wp:term":[{"taxonomy":"category","embeddable":true,"href":"https:\/\/senoticias.com.br\/se\/wp-json\/wp\/v2\/categories?post=132075"},{"taxonomy":"post_tag","embeddable":true,"href":"https:\/\/senoticias.com.br\/se\/wp-json\/wp\/v2\/tags?post=132075"}],"curies":[{"name":"wp","href":"https:\/\/api.w.org\/{rel}","templated":true}]}}