{"id":132071,"date":"2022-03-29T08:42:11","date_gmt":"2022-03-29T11:42:11","guid":{"rendered":"https:\/\/senoticias.com.br\/se\/?p=132071"},"modified":"2022-03-29T08:47:18","modified_gmt":"2022-03-29T11:47:18","slug":"deputado-luciano-pimentel-filia-se-ao-progressistas","status":"publish","type":"post","link":"https:\/\/senoticias.com.br\/se\/deputado-luciano-pimentel-filia-se-ao-progressistas\/","title":{"rendered":"Deputado Luciano Pimentel filia-se ao Progressistas"},"content":{"rendered":"\n<p>O deputado estadual Luciano Pimentel filiou-se ao Progressistas na \u00faltima sexta-feira, 25, durante ato realizado no Del Mar Hotel, em Aracaju. H\u00e1 quase um ano sem partido, o parlamentar recebeu diversos convites, mas encontrou no PP um agrupamento com um olhar desenvolvimentista, que atua em defesa do crescimento econ\u00f4mico e social do pa\u00eds.<\/p>\n\n\n\n<figure class=\"wp-block-image size-large\"><img loading=\"lazy\" decoding=\"async\" width=\"576\" height=\"384\" src=\"https:\/\/senoticias.com.br\/se\/wp-content\/uploads\/2022\/03\/Deputado-Luciano-Pimentel-SE-Noticias.jpg\" alt=\"\" class=\"wp-image-132079\" srcset=\"https:\/\/senoticias.com.br\/se\/wp-content\/uploads\/2022\/03\/Deputado-Luciano-Pimentel-SE-Noticias.jpg 576w, https:\/\/senoticias.com.br\/se\/wp-content\/uploads\/2022\/03\/Deputado-Luciano-Pimentel-SE-Noticias-300x200.jpg 300w, https:\/\/senoticias.com.br\/se\/wp-content\/uploads\/2022\/03\/Deputado-Luciano-Pimentel-SE-Noticias-90x60.jpg 90w, https:\/\/senoticias.com.br\/se\/wp-content\/uploads\/2022\/03\/Deputado-Luciano-Pimentel-SE-Noticias-180x120.jpg 180w, https:\/\/senoticias.com.br\/se\/wp-content\/uploads\/2022\/03\/Deputado-Luciano-Pimentel-SE-Noticias-95x64.jpg 95w\" sizes=\"(max-width: 576px) 100vw, 576px\" \/><figcaption>Deputado estadual Luciano Pimentel filiou-se ao Progressistas &#8211; Foto: Hugo Barbosa<\/figcaption><\/figure>\n\n\n\n<p>&#8220;Gra\u00e7as a Deus fui bastante procurado por v\u00e1rios partidos e sou grato pela aten\u00e7\u00e3o dispensada por cada um deles. Foi um longo per\u00edodo de reflex\u00e3o e di\u00e1logo com os amigos para que pud\u00e9ssemos chegar nesta escolha. Analisei as propostas com cautela e encontrei no PP uma agremia\u00e7\u00e3o alinhada com minhas cren\u00e7as. Uma sigla que, nos \u00faltimos anos, tem demonstrado a sua for\u00e7a na pol\u00edtica, protagonizando debates importantes e lutando pela constru\u00e7\u00e3o de um pa\u00eds moderno e uma sociedade mais justa&#8221;, afirma Luciano.<\/p>\n\n\n\n<p>A atua\u00e7\u00e3o nacional do Progressistas foi importante para escolha do parlamentar, mas a identifica\u00e7\u00e3o com o deputado federal La\u00e9rcio Oliveira, que conduz o PP em Sergipe ao lado do empres\u00e1rio Fernando Carvalho, foi decisiva para a filia\u00e7\u00e3o de Pimentel.<\/p>\n\n\n\n<p>&#8220;Ingressei no Progressistas por me identificar com o trabalho de La\u00e9rcio Oliveira, um pol\u00edtico que admiro, com uma trajet\u00f3ria brilhante em defesa dos interesses de Sergipe. Inicio esta nova jornada com o desejo de continuar trabalhando pelo nosso estado, representando os sergipanos no parlamento estadual&#8221;, disse Luciano Pimentel, que est\u00e1 no segundo mandato na Assembleia Legislativa e buscar\u00e1 a reelei\u00e7\u00e3o no pleito deste ano.<\/p>\n\n\n\n<p>O deputado estadual Luciano Pimentel filiou-se ao Progressistas na \u00faltima sexta-feira, 25, durante ato realizado no Del Mar Hotel, em Aracaju. H\u00e1 quase um ano sem partido, o parlamentar recebeu diversos convites, mas encontrou no PP um agrupamento com um olhar desenvolvimentista, que atua em defesa do crescimento econ\u00f4mico e social do pa\u00eds.<\/p>\n\n\n\n<p>&#8220;Gra\u00e7as a Deus fui bastante procurado por v\u00e1rios partidos e sou grato pela aten\u00e7\u00e3o dispensada por cada um deles. Foi um longo per\u00edodo de reflex\u00e3o e di\u00e1logo com os amigos para que pud\u00e9ssemos chegar nesta escolha. Analisei as propostas com cautela e encontrei no PP uma agremia\u00e7\u00e3o alinhada com minhas cren\u00e7as. Uma sigla que, nos \u00faltimos anos, tem demonstrado a sua for\u00e7a na pol\u00edtica, protagonizando debates importantes e lutando pela constru\u00e7\u00e3o de um pa\u00eds moderno e uma sociedade mais justa&#8221;, afirma Luciano.<\/p>\n\n\n\n<p>A atua\u00e7\u00e3o nacional do Progressistas foi importante para escolha do parlamentar, mas a identifica\u00e7\u00e3o com o deputado federal La\u00e9rcio Oliveira, que conduz o PP em Sergipe ao lado do empres\u00e1rio Fernando Carvalho, foi decisiva para a filia\u00e7\u00e3o de Pimentel.<\/p>\n\n\n\n<p>&#8220;Ingressei no Progressistas por me identificar com o trabalho de La\u00e9rcio Oliveira, um pol\u00edtico que admiro, com uma trajet\u00f3ria brilhante em defesa dos interesses de Sergipe. Inicio esta nova jornada com o desejo de continuar trabalhando pelo nosso estado, representando os sergipanos no parlamento estadual&#8221;, disse Luciano Pimentel, que est\u00e1 no segundo mandato na Assembleia Legislativa e buscar\u00e1 a reelei\u00e7\u00e3o no pleito deste ano.<\/p>\n\n\n\n<p><em>Quer receber as principais not\u00edcias do\u00a0<strong>SE Not\u00edcias<\/strong>\u00a0no seu\u00a0<strong>WhatsApp?<\/strong>\u00a0<strong><a href=\"https:\/\/api.whatsapp.com\/send?phone=5579991715289\">Clique aqui<\/a><\/strong>.<\/em><\/p>\n\n\n\n<p>Assessoria Parlamentar<\/p>\n","protected":false},"excerpt":{"rendered":"<p>O deputado estadual Luciano Pimentel filiou-se ao Progressistas na \u00faltima sexta-feira, 25, durante ato realizado no Del Mar Hotel, em Aracaju. H\u00e1 quase um ano sem partido, o parlamentar recebeu diversos convites, mas encontrou no PP um agrupamento com um olhar desenvolvimentista, que atua em defesa do crescimento econ\u00f4mico e social do pa\u00eds. &#8220;Gra\u00e7as a [&hellip;]<\/p>\n","protected":false},"author":6557,"featured_media":0,"comment_status":"closed","ping_status":"closed","sticky":false,"template":"","format":"standard","meta":{"footnotes":""},"categories":[15,6,1],"tags":[9297,36199,9296,9535],"class_list":{"0":"post-132071","1":"post","2":"type-post","3":"status-publish","4":"format-standard","6":"category-destaques","7":"category-politica","8":"category-sem-categoria","9":"tag-deputado-luciano-pimentel","10":"tag-eleicoes-20222","11":"tag-luciano-pimentel","12":"tag-progressistas"},"_links":{"self":[{"href":"https:\/\/senoticias.com.br\/se\/wp-json\/wp\/v2\/posts\/132071"}],"collection":[{"href":"https:\/\/senoticias.com.br\/se\/wp-json\/wp\/v2\/posts"}],"about":[{"href":"https:\/\/senoticias.com.br\/se\/wp-json\/wp\/v2\/types\/post"}],"author":[{"embeddable":true,"href":"https:\/\/senoticias.com.br\/se\/wp-json\/wp\/v2\/users\/6557"}],"replies":[{"embeddable":true,"href":"https:\/\/senoticias.com.br\/se\/wp-json\/wp\/v2\/comments?post=132071"}],"version-history":[{"count":0,"href":"https:\/\/senoticias.com.br\/se\/wp-json\/wp\/v2\/posts\/132071\/revisions"}],"wp:attachment":[{"href":"https:\/\/senoticias.com.br\/se\/wp-json\/wp\/v2\/media?parent=132071"}],"wp:term":[{"taxonomy":"category","embeddable":true,"href":"https:\/\/senoticias.com.br\/se\/wp-json\/wp\/v2\/categories?post=132071"},{"taxonomy":"post_tag","embeddable":true,"href":"https:\/\/senoticias.com.br\/se\/wp-json\/wp\/v2\/tags?post=132071"}],"curies":[{"name":"wp","href":"https:\/\/api.w.org\/{rel}","templated":true}]}}