{"id":131984,"date":"2022-03-19T15:44:22","date_gmt":"2022-03-19T18:44:22","guid":{"rendered":"https:\/\/senoticias.com.br\/se\/?p=131984"},"modified":"2022-03-19T15:44:27","modified_gmt":"2022-03-19T18:44:27","slug":"policial-suspeito-de-assassinar-morador-de-rua-em-propria-e-encontrado-morto","status":"publish","type":"post","link":"https:\/\/senoticias.com.br\/se\/policial-suspeito-de-assassinar-morador-de-rua-em-propria-e-encontrado-morto\/","title":{"rendered":"Policial suspeito de assassinar morador de rua em Propri\u00e1 \u00e9 encontrado morto"},"content":{"rendered":"\n<p>Neste s\u00e1bado (19) foi encontrado morto o sargento da Pol\u00edcia Militar suspeito de matar a tiros um homem em situa\u00e7\u00e3o de rua na cidade de Propri\u00e1. A informa\u00e7\u00e3o foi confirmada pela assessoria da Pol\u00edcia Militar.<\/p>\n\n\n\n<figure class=\"wp-block-image size-large\"><img loading=\"lazy\" decoding=\"async\" width=\"624\" height=\"468\" src=\"https:\/\/senoticias.com.br\/se\/wp-content\/uploads\/2022\/03\/Policial-Morto-SE-noticias.jpg\" alt=\"\" class=\"wp-image-131985\" srcset=\"https:\/\/senoticias.com.br\/se\/wp-content\/uploads\/2022\/03\/Policial-Morto-SE-noticias.jpg 624w, https:\/\/senoticias.com.br\/se\/wp-content\/uploads\/2022\/03\/Policial-Morto-SE-noticias-300x225.jpg 300w, https:\/\/senoticias.com.br\/se\/wp-content\/uploads\/2022\/03\/Policial-Morto-SE-noticias-45x35.jpg 45w\" sizes=\"(max-width: 624px) 100vw, 624px\" \/><figcaption>Ap\u00f3s a pris\u00e3o, o sargento foi encaminhado para o Pres\u00eddio Militar, onde deveria cumprir pris\u00e3o tempor\u00e1ria de 30 dias &#8211; Foto: arquivo\/A8SE<\/figcaption><\/figure>\n\n\n\n<p>O sargento foi visto sem vida em uma das celas do Pres\u00eddio Militar do Estado de Sergipe (Presmil). Ele tinha sido preso na manh\u00e3 desta sexta-feira (18) ap\u00f3s confessar autoria do crime.<\/p>\n\n\n\n<p><strong>Relembre o caso<\/strong><\/p>\n\n\n\n<p>Segundo a Pol\u00edcia Civil, o sargento confessou a autoria do crime, praticado no \u00faltimo dia 13 de mar\u00e7o, e disse que descarregou todas as muni\u00e7\u00f5es da arma de fogo contra a v\u00edtima, pois se incomodava com a sua presen\u00e7a.<\/p>\n\n\n\n<p>Na ocasi\u00e3o, o morador de rua estava deitado no ch\u00e3o, pr\u00f3ximo a uma barraca de frutas, quando foi encontrado com v\u00e1rias marcas de perfura\u00e7\u00f5es pelo corpo e dificuldades para respirar. O Servi\u00e7o de Atendimento M\u00f3vel de Urg\u00eancia (Samu) chegou a ser acionado para prestar socorro, no entanto, ele n\u00e3o resistiu aos ferimentos.<\/p>\n\n\n\n<p><em><strong>Quer receber as principais not\u00edcias do<\/strong>\u00a0<strong>SE Not\u00edcias<\/strong>\u00a0<strong>no seu<\/strong>\u00a0<strong>WhatsApp?<\/strong>\u00a0<strong><a href=\"https:\/\/api.whatsapp.com\/send?phone=5579991715289\">Clique aqui<\/a><\/strong>.<\/em><\/p>\n\n\n\n<p>Fonte: A8SE.com.br<\/p>\n\n\n\n<p><\/p>\n","protected":false},"excerpt":{"rendered":"<p>Neste s\u00e1bado (19) foi encontrado morto o sargento da Pol\u00edcia Militar suspeito de matar a tiros um homem em situa\u00e7\u00e3o de rua na cidade de Propri\u00e1. A informa\u00e7\u00e3o foi confirmada pela assessoria da Pol\u00edcia Militar. O sargento foi visto sem vida em uma das celas do Pres\u00eddio Militar do Estado de Sergipe (Presmil). Ele tinha [&hellip;]<\/p>\n","protected":false},"author":6557,"featured_media":0,"comment_status":"closed","ping_status":"closed","sticky":false,"template":"","format":"standard","meta":{"footnotes":""},"categories":[15,7],"tags":[36131,11729,11728,709],"class_list":{"0":"post-131984","1":"post","2":"type-post","3":"status-publish","4":"format-standard","6":"category-destaques","7":"category-policia","8":"tag-policial-encontrado-morto","9":"tag-presidio-militar","10":"tag-presmil","11":"tag-propria"},"_links":{"self":[{"href":"https:\/\/senoticias.com.br\/se\/wp-json\/wp\/v2\/posts\/131984"}],"collection":[{"href":"https:\/\/senoticias.com.br\/se\/wp-json\/wp\/v2\/posts"}],"about":[{"href":"https:\/\/senoticias.com.br\/se\/wp-json\/wp\/v2\/types\/post"}],"author":[{"embeddable":true,"href":"https:\/\/senoticias.com.br\/se\/wp-json\/wp\/v2\/users\/6557"}],"replies":[{"embeddable":true,"href":"https:\/\/senoticias.com.br\/se\/wp-json\/wp\/v2\/comments?post=131984"}],"version-history":[{"count":0,"href":"https:\/\/senoticias.com.br\/se\/wp-json\/wp\/v2\/posts\/131984\/revisions"}],"wp:attachment":[{"href":"https:\/\/senoticias.com.br\/se\/wp-json\/wp\/v2\/media?parent=131984"}],"wp:term":[{"taxonomy":"category","embeddable":true,"href":"https:\/\/senoticias.com.br\/se\/wp-json\/wp\/v2\/categories?post=131984"},{"taxonomy":"post_tag","embeddable":true,"href":"https:\/\/senoticias.com.br\/se\/wp-json\/wp\/v2\/tags?post=131984"}],"curies":[{"name":"wp","href":"https:\/\/api.w.org\/{rel}","templated":true}]}}