{"id":131977,"date":"2022-03-18T22:24:27","date_gmt":"2022-03-19T01:24:27","guid":{"rendered":"https:\/\/senoticias.com.br\/se\/?p=131977"},"modified":"2022-03-18T22:30:54","modified_gmt":"2022-03-19T01:30:54","slug":"calor-e-tempo-nublado-prevalecem-nos-ultimos-dias-do-verao-em-sergipe","status":"publish","type":"post","link":"https:\/\/senoticias.com.br\/se\/calor-e-tempo-nublado-prevalecem-nos-ultimos-dias-do-verao-em-sergipe\/","title":{"rendered":"Calor e tempo nublado prevalecem nos \u00faltimos dias do ver\u00e3o em Sergipe"},"content":{"rendered":"\n<p><\/p>\n\n\n\n<p>Mesmo com a proximidade da esta\u00e7\u00e3o outono, que ter\u00e1 in\u00edcio no pr\u00f3ximo domingo, 20, o calor predominante ao longo de toda a esta\u00e7\u00e3o, bem como o tempo nublado e parcialmente nublado das \u00faltimas semanas prevalecem de hoje at\u00e9 a quinta-feira, com a ocorr\u00eancia de chuvas leves, pontuais e sem valores consider\u00e1veis ao longo de todo o territ\u00f3rio sergipano.<\/p>\n\n\n\n<figure class=\"wp-block-image size-large\"><img loading=\"lazy\" decoding=\"async\" width=\"487\" height=\"365\" src=\"https:\/\/senoticias.com.br\/se\/wp-content\/uploads\/2022\/03\/Tempo-nublado-Se-Noticias.jpg\" alt=\"\" class=\"wp-image-131978\" srcset=\"https:\/\/senoticias.com.br\/se\/wp-content\/uploads\/2022\/03\/Tempo-nublado-Se-Noticias.jpg 487w, https:\/\/senoticias.com.br\/se\/wp-content\/uploads\/2022\/03\/Tempo-nublado-Se-Noticias-300x225.jpg 300w, https:\/\/senoticias.com.br\/se\/wp-content\/uploads\/2022\/03\/Tempo-nublado-Se-Noticias-45x35.jpg 45w\" sizes=\"(max-width: 487px) 100vw, 487px\" \/><figcaption>Calor e tempo nublado prevalecem nos \u00faltimos dias do ver\u00e3o &#8211; Foto: ascom\/Sedurbs<\/figcaption><\/figure>\n\n\n\n<p>Para a tarde e noite desta ter\u00e7a-feira,15,h\u00e1 possibilidade de c\u00e9u parcialmente nublado em todo o Estado, sem ocorr\u00eancia de precipita\u00e7\u00f5es com valores consider\u00e1veis. No litoral, as temperaturas m\u00ednimas ficam em torno de 26,4\u00b0C e as m\u00e1ximas de 31,1\u00b0C, j\u00e1 no interior do Estado, elas oscilam entre 20,8\u00b0C e 32,4\u00b0C<\/p>\n\n\n\n<p>Para a quarta-feira,16,aguarda-se durante a madrugada e manh\u00e3 precipita\u00e7\u00f5es de chuvas leves nos Territ\u00f3rios Centro Sul, Grande Aracaju e Sul Sergipano, e tempo nublado nos outros cinco. Pela tarde, aguarda-se c\u00e9u parcialmente nublado no litoral e precipita\u00e7\u00f5es de chuvas leves no interior, enquanto que no per\u00edodo da noite, o tempo tende a ser nublado ao longo de todo o territ\u00f3rio sergipano. As temperaturas m\u00ednimas ser\u00e3o de 26,7\u00b0C no litoral e 23\u00b0C no interior e as m\u00e1ximas de 31,2\u00b0C e 31,7\u00b0C, respectivamente.<\/p>\n\n\n\n<p>Na quinta-feira, 17, dia em que se comemora a emancipa\u00e7\u00e3o pol\u00edtica da capital sergipana, ocorrer\u00e3o precipita\u00e7\u00f5es leves durante a madrugada nos territ\u00f3rios do Agreste Central, Centro Sul e Grande Aracaju e tempo nublado nos demais. J\u00e1 no per\u00edodo da manh\u00e3, ocorrer\u00e3o chuvas leves em todos os territ\u00f3rios, e durante a tarde, h\u00e1 probabilidade de precipita\u00e7\u00f5es leves no interior e tempo parcialmente nublado no litoral. \u00c0 noite, existe a possibilidade de tempo nublado ao longo de todo o Estado. Os term\u00f4metros no litoral ir\u00e3o registrar m\u00ednimas de 25,1\u00b0C e m\u00e1ximas de 31,2\u00b0C, enquanto no interior eles variam entre 21,7\u00b0C e 31,3\u00b0C.<\/p>\n\n\n\n<p><em><strong>Quer receber as principais not\u00edcias do<\/strong>\u00a0<strong>SE Not\u00edcias<\/strong>\u00a0<strong>no seu<\/strong>\u00a0<strong>WhatsApp?<\/strong>\u00a0<strong><a href=\"https:\/\/api.whatsapp.com\/send?phone=5579991715289\">Clique aqui<\/a><\/strong>.<\/em><\/p>\n\n\n\n<p>Fonte; ascom\/Sedurbs<\/p>\n","protected":false},"excerpt":{"rendered":"<p>Mesmo com a proximidade da esta\u00e7\u00e3o outono, que ter\u00e1 in\u00edcio no pr\u00f3ximo domingo, 20, o calor predominante ao longo de toda a esta\u00e7\u00e3o, bem como o tempo nublado e parcialmente nublado das \u00faltimas semanas prevalecem de hoje at\u00e9 a quinta-feira, com a ocorr\u00eancia de chuvas leves, pontuais e sem valores consider\u00e1veis ao longo de todo [&hellip;]<\/p>\n","protected":false},"author":6557,"featured_media":0,"comment_status":"closed","ping_status":"closed","sticky":false,"template":"","format":"standard","meta":{"footnotes":""},"categories":[15,6,1],"tags":[],"class_list":{"0":"post-131977","1":"post","2":"type-post","3":"status-publish","4":"format-standard","6":"category-destaques","7":"category-politica","8":"category-sem-categoria"},"_links":{"self":[{"href":"https:\/\/senoticias.com.br\/se\/wp-json\/wp\/v2\/posts\/131977"}],"collection":[{"href":"https:\/\/senoticias.com.br\/se\/wp-json\/wp\/v2\/posts"}],"about":[{"href":"https:\/\/senoticias.com.br\/se\/wp-json\/wp\/v2\/types\/post"}],"author":[{"embeddable":true,"href":"https:\/\/senoticias.com.br\/se\/wp-json\/wp\/v2\/users\/6557"}],"replies":[{"embeddable":true,"href":"https:\/\/senoticias.com.br\/se\/wp-json\/wp\/v2\/comments?post=131977"}],"version-history":[{"count":0,"href":"https:\/\/senoticias.com.br\/se\/wp-json\/wp\/v2\/posts\/131977\/revisions"}],"wp:attachment":[{"href":"https:\/\/senoticias.com.br\/se\/wp-json\/wp\/v2\/media?parent=131977"}],"wp:term":[{"taxonomy":"category","embeddable":true,"href":"https:\/\/senoticias.com.br\/se\/wp-json\/wp\/v2\/categories?post=131977"},{"taxonomy":"post_tag","embeddable":true,"href":"https:\/\/senoticias.com.br\/se\/wp-json\/wp\/v2\/tags?post=131977"}],"curies":[{"name":"wp","href":"https:\/\/api.w.org\/{rel}","templated":true}]}}