{"id":131976,"date":"2022-03-18T22:13:13","date_gmt":"2022-03-19T01:13:13","guid":{"rendered":"https:\/\/senoticias.com.br\/se\/?p=131976"},"modified":"2022-03-18T22:17:20","modified_gmt":"2022-03-19T01:17:20","slug":"ministro-alexandre-de-moraes-determina-bloqueio-do-aplicativo-de-mensagens-telegram-em-todo-o-brasil","status":"publish","type":"post","link":"https:\/\/senoticias.com.br\/se\/ministro-alexandre-de-moraes-determina-bloqueio-do-aplicativo-de-mensagens-telegram-em-todo-o-brasil\/","title":{"rendered":"Ministro Alexandre de Moraes determina bloqueio do aplicativo de mensagens Telegram em todo o Brasil"},"content":{"rendered":"\n<p><\/p>\n\n\n\n<p>O ministro Alexandre de Moraes, do Supremo Tribunal Federal (STF), determinou a suspens\u00e3o do aplicativo de mensagens Telegram no pa\u00eds.<\/p>\n\n\n\n<p>A ordem, emitida nesta quinta-feira (17), atende a um pedido da Pol\u00edcia Federal e foi encaminhada a plataformas digitais e provedores de internet, que devem adotar em cinco dias os mecanismos para inviabilizar a utiliza\u00e7\u00e3o do aplicativo Telegram.<\/p>\n\n\n\n<figure class=\"wp-block-image size-large\"><img loading=\"lazy\" decoding=\"async\" width=\"580\" height=\"363\" src=\"https:\/\/senoticias.com.br\/se\/wp-content\/uploads\/2018\/05\/moraes-e1525812277853.jpg\" alt=\"\" class=\"wp-image-112819\"\/><figcaption>Moraes determina bloqueio do aplicativo de mensagens Telegram em todo o Brasil &#8211; Foto: arquivo\/STF<\/figcaption><\/figure>\n\n\n\n<p>A TV Globo apurou que a ordem para o bloqueio do aplicativo de mensagens estava em fase de cumprimento quando esta reportagem foi publicada. As empresas estavam sendo notificadas pela Ag\u00eancia Nacional de Telecomunica\u00e7\u00f5es (Anatel).<\/p>\n\n\n\n<p>O fundador do Telegram, o russo Pavel Durov, disse nesta sexta-feira (18) que um problema com e-mails impediu a plataforma de receber as intima\u00e7\u00f5es do STF. Ele tamb\u00e9m solicitou um adiamento por alguns dias da ordem de bloqueio do ministro Alexandre de Moraes, do Supremo Tribunal Federal (STF).<\/p>\n\n\n\n<p>No \u00faltimo domingo (13), uma reportagem do Fant\u00e1stico mostrou que o Telegram \u00e9 usado para propagar discursos de \u00f3dio, tr\u00e1fico de drogas, com\u00e9rcio de dinheiro de falso, propaganda nazista e vendas de certificados de vacina\u00e7\u00e3o.<\/p>\n\n\n\n<p>Alexandre de Moraes estabeleceu ainda multa di\u00e1ria de R$ 100 mil para as empresas que n\u00e3o cumprirem a determina\u00e7\u00e3o de bloqueio do aplicativo.<\/p>\n\n\n\n<p><strong>Falta de coopera\u00e7\u00e3o<\/strong><\/p>\n\n\n\n<p>A decis\u00e3o atende a um pedido da Pol\u00edcia Federal e foi motivada pelo descumprimento de ordens judiciais pelo Telegram.<\/p>\n\n\n\n<p>Recentemente, atendendo a determina\u00e7\u00e3o do Supremo, o Telegram bloqueou tr\u00eas perfis apontados como disseminadores de informa\u00e7\u00f5es falsas, entre eles do blogueiro Allan dos Santos, um dos aliados mais pr\u00f3ximos da fam\u00edlia Bolsonaro.<\/p>\n\n\n\n<p>Santos \u00e9 investigado no Supremo em dois inqu\u00e9ritos: um que apura divulga\u00e7\u00e3o de &#8216;fake news&#8217; e ataques a integrantes da Corte; e outro que identificou a atua\u00e7\u00e3o de uma mil\u00edcia digital. No ano passado, Moraes determinou a pris\u00e3o do blogueiro, que est\u00e1 foragido.<\/p>\n\n\n\n<p>Apesar do bloqueio dos perfis, o Telegram descumpriu outros pontos do decis\u00e3o, entre os quais o de entregar \u00e0 Justi\u00e7a informa\u00e7\u00f5es cadastrais e bloquear o repasse de recursos. Foi isso que levou \u00e0 determina\u00e7\u00e3o desta sexta para suspender o aplicativo no pa\u00eds.<\/p>\n\n\n\n<p>No pedido encaminhado ao Supremo, a Pol\u00edcia Federal diz que o aplicativo &#8220;\u00e9 notoriamente conhecido por sua postura de n\u00e3o cooperar com autoridades judiciais e policiais de diversos pa\u00edses.&#8221;<\/p>\n\n\n\n<p>Ainda de acordo com a PF, o Telegram usa a &#8220;atitude n\u00e3o colaborativa&#8221; com autoridades &#8220;como uma vantagem em rela\u00e7\u00e3o a outros aplicativos de comunica\u00e7\u00e3o, o que o torna um terreno livre para prolifera\u00e7\u00e3o de diversos conte\u00fados, inclusive com repercuss\u00e3o na \u00e1rea criminal\u201d.<\/p>\n\n\n\n<p>A PF diz que tentou o contato com a plataforma Telegram pelos canais dispon\u00edveis, a fim de encaminhar as ordens judiciais de bloqueio de perfis, indica\u00e7\u00e3o de usu\u00e1rios, fornecimento de dados cadastrais e suspens\u00e3o de monetiza\u00e7\u00e3o de contas vinculadas a Allan dos Santos. N\u00e3o obteve resposta em nenhuma das ocasi\u00f5es.<\/p>\n\n\n\n<p><strong>&#8216;Desprezo \u00e0 Justi\u00e7a&#8217;<\/strong><br><br>Na decis\u00e3o, o ministro Alexandre de Moraes afirmou que o aplicativo, &#8220;em todas essas oportunidades, deixou de atender ao comando judicial, em total desprezo \u00e0 Justi\u00e7a Brasileira&#8221;. Segundo ele, o desrespeito \u00e0s leis brasileiras por parte do aplicativo fere a Constitui\u00e7\u00e3o.<\/p>\n\n\n\n<p>&#8220;O desrespeito \u00e0 legisla\u00e7\u00e3o brasileira e o reiterado descumprimento de in\u00fameras decis\u00f5es judiciais pelo Telegram, \u2013 empresa que opera no territ\u00f3rio brasileiro, sem indicar seu representante \u2013 inclusive emanadas do Supremo Tribunal Federal \u2013 \u00e9 circunst\u00e2ncia completamente incompat\u00edvel com a ordem constitucional vigente, al\u00e9m de contrariar expressamente dispositivo legal&#8221;, diz Moraes na decis\u00e3o.<\/p>\n\n\n\n<p>A decis\u00e3o do ministro teve como base o Marco Civil da Internet, lei que regulamenta o uso da rede.<\/p>\n\n\n\n<p>Moraes apontou que a legisla\u00e7\u00e3o brasileira &#8220;prev\u00ea a necessidade de que as empresas que administram servi\u00e7os de internet no Brasil atendam \u00e0s decis\u00f5es judiciais&#8221;, o que, segundo ele, n\u00e3o ocorre com o Telegram.<\/p>\n\n\n\n<p>Moraes ressaltou ainda que o aplicativo n\u00e3o age dessa maneira somente no Brasil.<\/p>\n\n\n\n<p>&#8220;O desprezo \u00e0 Justi\u00e7a e a falta total de coopera\u00e7\u00e3o da plataforma Telegram com os \u00f3rg\u00e3os judiciais \u00e9 fato que desrespeita a soberania de diversos pa\u00edses, n\u00e3o sendo circunst\u00e2ncia que se verifica exclusivamente no Brasil e vem permitindo que essa plataforma venha sendo reiteradamente utilizada para a pr\u00e1tica de in\u00fameras infra\u00e7\u00f5es penais&#8221;, diz o ministro do STF na decis\u00e3o.<\/p>\n\n\n\n<p><strong>Lan\u00e7ado em 2013 na R\u00fassia<\/strong><\/p>\n\n\n\n<p>O Telegram foi lan\u00e7ado em 2013, na R\u00fassia. Atualmente, tem sede em Dubai, nos Emirados \u00c1rabes Unidos e \u00e9 considerado um dos principais concorrentes do aplicativo de mensagens instant\u00e2neas WhatsApp.<\/p>\n\n\n\n<p>Ao contr\u00e1rio do WhatsApp, que permite a cria\u00e7\u00e3o de grupos com at\u00e9 256 usu\u00e1rios, o Telegram permite grupos com at\u00e9 200 mil pessoas, um dos fatores que t\u00eam ajudado a plataforma a crescer em todo o mundo.<\/p>\n\n\n\n<p>Segundo os autos, o Telegram \u00e9 um aplicativo de mensagens de r\u00e1pido crescimento no Brasil \u2014 est\u00e1 presente em 53% de todos smartphones ativos dispon\u00edveis no pa\u00eds.<\/p>\n\n\n\n<p>Por J\u00e9ssica Sant&#8217;Ana, M\u00e1rcio Falc\u00e3o e Fernanda Vivas, <strong><a href=\"https:\/\/g1.globo.com\/politica\/noticia\/2022\/03\/18\/moraes-determina-bloqueio-do-aplicativo-de-mensagens-telegram-em-todo-o-brasil.ghtml\">g1<\/a><\/strong><\/p>\n\n\n\n<p><em><strong>Quer receber as principais not\u00edcias do<\/strong>\u00a0<strong>SE Not\u00edcias<\/strong>\u00a0<strong>no seu<\/strong>\u00a0<strong>WhatsApp?<\/strong>\u00a0<strong><a href=\"https:\/\/api.whatsapp.com\/send?phone=5579991715289\">Clique aqui<\/a><\/strong>.<\/em><\/p>\n","protected":false},"excerpt":{"rendered":"<p>O ministro Alexandre de Moraes, do Supremo Tribunal Federal (STF), determinou a suspens\u00e3o do aplicativo de mensagens Telegram no pa\u00eds. A ordem, emitida nesta quinta-feira (17), atende a um pedido da Pol\u00edcia Federal e foi encaminhada a plataformas digitais e provedores de internet, que devem adotar em cinco dias os mecanismos para inviabilizar a utiliza\u00e7\u00e3o [&hellip;]<\/p>\n","protected":false},"author":6557,"featured_media":0,"comment_status":"closed","ping_status":"closed","sticky":false,"template":"","format":"standard","meta":{"footnotes":""},"categories":[15,2961,1],"tags":[34851,11863,5785,36125],"class_list":{"0":"post-131976","1":"post","2":"type-post","3":"status-publish","4":"format-standard","6":"category-destaques","7":"category-nacional","8":"category-sem-categoria","9":"tag-alexandre-moraes","10":"tag-ministro-alexandre-de-moraes","11":"tag-supremo-tribunal-federal","12":"tag-telegram"},"_links":{"self":[{"href":"https:\/\/senoticias.com.br\/se\/wp-json\/wp\/v2\/posts\/131976"}],"collection":[{"href":"https:\/\/senoticias.com.br\/se\/wp-json\/wp\/v2\/posts"}],"about":[{"href":"https:\/\/senoticias.com.br\/se\/wp-json\/wp\/v2\/types\/post"}],"author":[{"embeddable":true,"href":"https:\/\/senoticias.com.br\/se\/wp-json\/wp\/v2\/users\/6557"}],"replies":[{"embeddable":true,"href":"https:\/\/senoticias.com.br\/se\/wp-json\/wp\/v2\/comments?post=131976"}],"version-history":[{"count":0,"href":"https:\/\/senoticias.com.br\/se\/wp-json\/wp\/v2\/posts\/131976\/revisions"}],"wp:attachment":[{"href":"https:\/\/senoticias.com.br\/se\/wp-json\/wp\/v2\/media?parent=131976"}],"wp:term":[{"taxonomy":"category","embeddable":true,"href":"https:\/\/senoticias.com.br\/se\/wp-json\/wp\/v2\/categories?post=131976"},{"taxonomy":"post_tag","embeddable":true,"href":"https:\/\/senoticias.com.br\/se\/wp-json\/wp\/v2\/tags?post=131976"}],"curies":[{"name":"wp","href":"https:\/\/api.w.org\/{rel}","templated":true}]}}