{"id":131975,"date":"2022-03-18T21:42:22","date_gmt":"2022-03-19T00:42:22","guid":{"rendered":"https:\/\/senoticias.com.br\/se\/?p=131975"},"modified":"2022-03-18T22:06:58","modified_gmt":"2022-03-19T01:06:58","slug":"pre-caju-2022-organizacao-confirma-festa-para-o-mes-de-novembro","status":"publish","type":"post","link":"https:\/\/senoticias.com.br\/se\/pre-caju-2022-organizacao-confirma-festa-para-o-mes-de-novembro\/","title":{"rendered":"Pr\u00e9-Caju 2022: organiza\u00e7\u00e3o confirma festa para o m\u00eas de novembro"},"content":{"rendered":"\n<p><\/p>\n\n\n\n<p>O Pr\u00e9-Caju, festa que j\u00e1 foi considerada uma das maiores pr\u00e9vias carnavalescas do pa\u00eds, voltar\u00e1 a ser realizado no m\u00eas de novembro. A informa\u00e7\u00e3o foi confirmada nesta sexta-feira, 18, pela organiza\u00e7\u00e3o do evento. A \u00faltima edi\u00e7\u00e3o da festa ocorreu em 2014.<\/p>\n\n\n\n<figure class=\"wp-block-image size-large\"><img loading=\"lazy\" decoding=\"async\" width=\"550\" height=\"330\" src=\"https:\/\/senoticias.com.br\/se\/wp-content\/uploads\/2020\/10\/PreCaju-SE-Noticias.jpg\" alt=\"\" class=\"wp-image-125315\" srcset=\"https:\/\/senoticias.com.br\/se\/wp-content\/uploads\/2020\/10\/PreCaju-SE-Noticias.jpg 550w, https:\/\/senoticias.com.br\/se\/wp-content\/uploads\/2020\/10\/PreCaju-SE-Noticias-300x180.jpg 300w\" sizes=\"(max-width: 550px) 100vw, 550px\" \/><figcaption>A \u00faltima edi\u00e7\u00e3o da festa ocorreu em 2014 &#8211; Foto: arquivo\/Pr\u00e9-Caju<\/figcaption><\/figure>\n\n\n\n<p>De acordo com um dos organizadores do evento, o vereador Fabiano Oliveira, a pr\u00e9via carnavalesca ocorrer\u00e1 na<strong> Orla de Atalaia entre os dias 4, 5 e 6 de novembro<\/strong>. \u201cObservando o fim da pandemia, a gente viu essa possibilidade para realizar o Pr\u00e9-Caju em novembro, na Orla de Atalaia. Agora vamos fazer o planejamento para apresentar ao prefeito Edvaldo Nogueira e ao governador Belivaldo, que dar\u00e3o o apoio log\u00edstico\u201d, disse Fabiano.<\/p>\n\n\n\n<p>Ainda de acordo com Fabiano, quatro blocos dever\u00e3o se apresentar durante os tr\u00eas dias de festa. \u201cNa sexta-feira, teremos uma programa\u00e7\u00e3o do CamaroteAju. No s\u00e1bado e domingo, desfile dos blocos das 14h at\u00e9 \u00e0s 23h. Ser\u00e3o quatro blocos que ir\u00e3o da Passarela do Caranguejo at\u00e9 o farol da Coroa do Meio\u201d, completou.<\/p>\n\n\n\n<p>Ao todo, a festa dever\u00e1 ter seis trios por dia. A organiza\u00e7\u00e3o do evento prev\u00ea fazer o lan\u00e7amento oficial do evento no <strong>pr\u00f3ximo dia 6 de maio<\/strong>.<\/p>\n\n\n\n<p><strong>Pr\u00e9-Caju<\/strong><\/p>\n\n\n\n<p>Criado no ano de 1992, o Pr\u00e9-Caju j\u00e1 foi considerado a maior pr\u00e9via carnavalesca do pa\u00eds, chegando a reunir mais de 300 mil pessoas por noite. Em 2014, aconteceu a \u00faltima edi\u00e7\u00e3o da festa, que por falta de patroc\u00ednio deixou de ser realizada, sendo substitu\u00edda pelo Fest Ver\u00e3o. O evento seria retomado em 2020, o que n\u00e3o ocorreu por conta da pandemia.<\/p>\n\n\n\n<p><em><strong>Quer receber as principais not\u00edcias do<\/strong>\u00a0<strong>SE Not\u00edcias<\/strong>\u00a0<strong>no seu<\/strong>\u00a0<strong>WhatsApp?<\/strong>\u00a0<strong><a href=\"https:\/\/api.whatsapp.com\/send?phone=5579991715289\">Clique aqui<\/a><\/strong>.<\/em><\/p>\n\n\n\n<p>Fonte: Milton Filho e Verlane Est\u00e1cio, portal Infonet<\/p>\n","protected":false},"excerpt":{"rendered":"<p>O Pr\u00e9-Caju, festa que j\u00e1 foi considerada uma das maiores pr\u00e9vias carnavalescas do pa\u00eds, voltar\u00e1 a ser realizado no m\u00eas de novembro. A informa\u00e7\u00e3o foi confirmada nesta sexta-feira, 18, pela organiza\u00e7\u00e3o do evento. A \u00faltima edi\u00e7\u00e3o da festa ocorreu em 2014. De acordo com um dos organizadores do evento, o vereador Fabiano Oliveira, a pr\u00e9via [&hellip;]<\/p>\n","protected":false},"author":6557,"featured_media":0,"comment_status":"closed","ping_status":"closed","sticky":false,"template":"","format":"standard","meta":{"footnotes":""},"categories":[15,21],"tags":[15652,36123,36124],"class_list":{"0":"post-131975","1":"post","2":"type-post","3":"status-publish","4":"format-standard","6":"category-destaques","7":"category-entretenimento","8":"tag-pre-caju","9":"tag-pre-caju-2022","10":"tag-previa-carnavalesca"},"_links":{"self":[{"href":"https:\/\/senoticias.com.br\/se\/wp-json\/wp\/v2\/posts\/131975"}],"collection":[{"href":"https:\/\/senoticias.com.br\/se\/wp-json\/wp\/v2\/posts"}],"about":[{"href":"https:\/\/senoticias.com.br\/se\/wp-json\/wp\/v2\/types\/post"}],"author":[{"embeddable":true,"href":"https:\/\/senoticias.com.br\/se\/wp-json\/wp\/v2\/users\/6557"}],"replies":[{"embeddable":true,"href":"https:\/\/senoticias.com.br\/se\/wp-json\/wp\/v2\/comments?post=131975"}],"version-history":[{"count":0,"href":"https:\/\/senoticias.com.br\/se\/wp-json\/wp\/v2\/posts\/131975\/revisions"}],"wp:attachment":[{"href":"https:\/\/senoticias.com.br\/se\/wp-json\/wp\/v2\/media?parent=131975"}],"wp:term":[{"taxonomy":"category","embeddable":true,"href":"https:\/\/senoticias.com.br\/se\/wp-json\/wp\/v2\/categories?post=131975"},{"taxonomy":"post_tag","embeddable":true,"href":"https:\/\/senoticias.com.br\/se\/wp-json\/wp\/v2\/tags?post=131975"}],"curies":[{"name":"wp","href":"https:\/\/api.w.org\/{rel}","templated":true}]}}