{"id":131939,"date":"2022-03-15T14:21:41","date_gmt":"2022-03-15T17:21:41","guid":{"rendered":"https:\/\/senoticias.com.br\/se\/?p=131939"},"modified":"2022-03-15T18:31:19","modified_gmt":"2022-03-15T21:31:19","slug":"confira-a-programacao-cultural-em-comemoracao-aos-167-anos-de-aracaju","status":"publish","type":"post","link":"https:\/\/senoticias.com.br\/se\/confira-a-programacao-cultural-em-comemoracao-aos-167-anos-de-aracaju\/","title":{"rendered":"Confira a programa\u00e7\u00e3o cultural em comemora\u00e7\u00e3o aos 167 anos de Aracaju"},"content":{"rendered":"\n<p>Em comemora\u00e7\u00e3o ao 167\u00ba anivers\u00e1rio de Aracaju, a Prefeitura elaborou uma programa\u00e7\u00e3o cultural para que a popula\u00e7\u00e3o possa celebrar a data especial. Devido \u00e0 necessidade de manter os cuidados preventivos ao cont\u00e1gio pelo coronav\u00edrus, as atividades n\u00e3o ser\u00e3o realizadas em eventos de grande porte, como explica o presidente da Funda\u00e7\u00e3o Cultural Cidade de Aracaju (Funcaju), Luciano Correia.<\/p>\n\n\n\n<figure class=\"wp-block-image size-large\"><img loading=\"lazy\" decoding=\"async\" width=\"1024\" height=\"683\" src=\"https:\/\/senoticias.com.br\/se\/wp-content\/uploads\/2022\/03\/pref-de-aracaju-senoticias-1024x683.jpg\" alt=\"\" class=\"wp-image-131940\"\/><figcaption> As atividades n\u00e3o ser\u00e3o realizadas em eventos de grande porte  &#8211; Foto:  Marco Vieira\/PMA <\/figcaption><\/figure>\n\n\n\n<p>\u201cA pandemia ainda n\u00e3o acabou, mas, hoje, podemos contar com n\u00fameros positivos, como a porcentagem de aracajuanos que j\u00e1 est\u00e3o totalmente imunizados, para que n\u00e3o deixemos de comemorar essa data especial. Levamos em conta os cuidados e a necessidade de n\u00e3o promover eventos grandes, garantindo a seguran\u00e7a para a sa\u00fade de todos, e elaboramos a programa\u00e7\u00e3o de anivers\u00e1rio de Aracaju\u201d, disse.<\/p>\n\n\n\n<p>A partir desta ter\u00e7a-feira (15), o Cinema Aju, no Centro Cultural de Aracaju, abre a s\u00e9rie de eventos culturais alusivos ao anivers\u00e1rio de Aracaju, para garantir entretenimento \u00e0 popula\u00e7\u00e3o a partir de sess\u00f5es de filmes curtas-metragens na sala Walmir Almeida.<\/p>\n\n\n\n<p>Ao todo, ser\u00e3o exibidos cinco curtas, todos eles produ\u00e7\u00f5es do audiovisual sergipano. Al\u00e9m disso, ao longo da semana, ser\u00e3o realizadas, ainda, apresenta\u00e7\u00f5es de circo, musicais e atividades no Parque da Sementeira, como o lan\u00e7amento de novos livros pela EditorAju.<\/p>\n\n\n\n<p>\u201cEssa \u00e9 a segunda leva de lan\u00e7amento de livros, mas j\u00e1 temos outras publica\u00e7\u00f5es in\u00e9ditas que j\u00e1 foram lan\u00e7adas. Com mais esses tr\u00eas lan\u00e7amentos, iremos consolidar o surgimento da editora em um momento em que o livro precisa ser t\u00e3o fortalecido. A EditorAju \u00e9 uma cria\u00e7\u00e3o da Funcaju, que surgiu durante a pandemia, e est\u00e1 se firmando no mercado editorial sergipano. Neste anivers\u00e1rio da cidade, o lan\u00e7amento de novos t\u00edtulos \u00e9 um presente para a nossa comunidade\u201d, ressalta Luciano.<\/p>\n\n\n\n<p>Especialmente no dia 17, no Parque da Sementeira, al\u00e9m dos livros in\u00e9ditos lan\u00e7ados pela EditorAju, mais sete t\u00edtulos lan\u00e7ados estar\u00e3o em exposi\u00e7\u00e3o, havendo ainda apresenta\u00e7\u00f5es de dan\u00e7a e m\u00fasica.<\/p>\n\n\n\n<p><strong>15 de mar\u00e7o de 2022 (ter\u00e7a-feira)<\/strong><br>Cinema Aju no Centro Cultural de Aracaju<br>Hor\u00e1rio: 14h \u00e0s 18h<br>Exibi\u00e7\u00f5es: Sess\u00e3o de Curta Metragem &#8211; Sala Walmir Almeida<\/p>\n\n\n\n<ul class=\"wp-block-list\"><li>Talvez eu nunca tenha amado- Gonara filmes- Fic\u00e7\u00e3o<\/li><li>Fenem\u00ea Verde &#8211; Bipolar- Fic\u00e7\u00e3o<\/li><li>Sarav\u00e1 o Tempo &#8211; Dominique Mangueira- Fic\u00e7\u00e3o<\/li><li>A velha do Shopping? &#8211; Gabriela Caldas- Document\u00e1rio<\/li><li>Transfigura- U\u00e7\u00e1 Produ\u00e7\u00f5es- Document\u00e1rio<\/li><\/ul>\n\n\n\n<p><strong>16 de mar\u00e7o de 2022 (quarta-feira)<\/strong><br>Biblioteca Ivone de Menezes<br>Hor\u00e1rio: 14h \u00e0s 16h<br>Exibi\u00e7\u00f5es: Sess\u00e3o de Curta Metragem \u2013 \u00c1trio da Biblioteca<\/p>\n\n\n\n<ul class=\"wp-block-list\"><li>Em Sil\u00eancio- Vinicius Borges- Fic\u00e7\u00e3o<\/li><li>La Guita- Gabriel de Almeida Viana- Fic\u00e7\u00e3o<\/li><li>Linhas do Tempo- Caroline Rocha Mendon\u00e7a &#8211; Document\u00e1rio<\/li><li>Cinema de Rua \u2013 Juliana Vilanova- Document\u00e1rio<\/li><li>Tintiliano- Marcel Andrade Magalh\u00e3es- Document\u00e1rio<\/li><\/ul>\n\n\n\n<p>Hor\u00e1rio: 18h &#8211; Apresenta\u00e7\u00e3o de Circo<br>&#8211; Aldeia Circo<\/p>\n\n\n\n<p><strong>17 de mar\u00e7o de 2022 (quinta-feira)<\/strong><br>Parque da Sementeira<br>Hor\u00e1rio: 14h &#8211; Lan\u00e7amento de T\u00edtulos EDITORAJU Cole\u00e7\u00e3o Literarte<\/p>\n\n\n\n<p>Enquanto a gente acontece &#8211; Ronaldo Gomes<br>Rol\u00e9 de Quarta-feira &#8211; Ac\u00e1cia Rios<br>Eu Lembro Daquela Noite &#8211; \u00c9lcio Luiz<\/p>\n\n\n\n<p>Exposi\u00e7\u00e3o de T\u00edtulos lan\u00e7ados &#8211; EDITORAJU<\/p>\n\n\n\n<p>Caderno de Escrevivente: Dramaturgia e Outros Registros do Espet\u00e1culo\u201d Jeov\u00e1\u2026\u201d Laminha &#8211; O Carangueijinho Esperto- Manoel Cerqueira<br>A presen\u00e7a do Cordel na Dramaturgia Brasileira- Lindolfo Amaral<br>Livro Dior Dissimulada- Hort\u00eancia Barreto<br>Petr\u00f4nio Gomes, Meu Pai- Lilian Gomes Rocha<br>Dominguinhos\u2026\u201dE vamos n\u00f3s\u201d! Lucas Campelo<br>O Amor S\u00e3o Tontas Coisas- Michel de Oliveira<br>Tambores de Sergipe Volume I- A Percuss\u00e3o E o Canto na Festa dos Lambe sujo e Caboclinhos em Laranjeiras- Se- Od\u00edlio Uerlei<\/p>\n\n\n\n<p>Hor\u00e1rio: 16h &#8211; Programa\u00e7\u00e3o Musical<br>Filarm\u00f4nica Nossa Senhora da Concei\u00e7\u00e3o<\/p>\n\n\n\n<p><strong>20 de mar\u00e7o de 2022 (domingo)<\/strong><br>Apresenta\u00e7\u00e3o de Teatro na Esta\u00e7\u00e3o Cidadania Bugio<br>Hor\u00e1rio: 16h &#8211; A peleja de Leandro na trilha do Cordel- Grupo Imbua\u00e7a<\/p>\n\n\n\n<p><em><strong>Quer receber as principais not\u00edcias do<\/strong>&nbsp;<strong>SE Not\u00edcias<\/strong>&nbsp;<strong>no seu<\/strong>&nbsp;<strong>WhatsApp?<\/strong>&nbsp;<strong><a href=\"https:\/\/api.whatsapp.com\/send?phone=5579991715289\">Clique aqui<\/a><\/strong>.<\/em><\/p>\n\n\n\n<p>Fonte: F5 News<\/p>\n","protected":false},"excerpt":{"rendered":"<p>Em comemora\u00e7\u00e3o ao 167\u00ba anivers\u00e1rio de Aracaju, a Prefeitura elaborou uma programa\u00e7\u00e3o cultural para que a popula\u00e7\u00e3o possa celebrar a data especial. Devido \u00e0 necessidade de manter os cuidados preventivos ao cont\u00e1gio pelo coronav\u00edrus, as atividades n\u00e3o ser\u00e3o realizadas em eventos de grande porte, como explica o presidente da Funda\u00e7\u00e3o Cultural Cidade de Aracaju (Funcaju), [&hellip;]<\/p>\n","protected":false},"author":6557,"featured_media":0,"comment_status":"closed","ping_status":"closed","sticky":false,"template":"","format":"standard","meta":{"footnotes":""},"categories":[15,21],"tags":[36105,35935,213],"class_list":{"0":"post-131939","1":"post","2":"type-post","3":"status-publish","4":"format-standard","6":"category-destaques","7":"category-entretenimento","8":"tag-167-anos-de-aracaju","9":"tag-aniversario-de-aracaju-2","10":"tag-prefeitura-de-aracaju"},"_links":{"self":[{"href":"https:\/\/senoticias.com.br\/se\/wp-json\/wp\/v2\/posts\/131939"}],"collection":[{"href":"https:\/\/senoticias.com.br\/se\/wp-json\/wp\/v2\/posts"}],"about":[{"href":"https:\/\/senoticias.com.br\/se\/wp-json\/wp\/v2\/types\/post"}],"author":[{"embeddable":true,"href":"https:\/\/senoticias.com.br\/se\/wp-json\/wp\/v2\/users\/6557"}],"replies":[{"embeddable":true,"href":"https:\/\/senoticias.com.br\/se\/wp-json\/wp\/v2\/comments?post=131939"}],"version-history":[{"count":0,"href":"https:\/\/senoticias.com.br\/se\/wp-json\/wp\/v2\/posts\/131939\/revisions"}],"wp:attachment":[{"href":"https:\/\/senoticias.com.br\/se\/wp-json\/wp\/v2\/media?parent=131939"}],"wp:term":[{"taxonomy":"category","embeddable":true,"href":"https:\/\/senoticias.com.br\/se\/wp-json\/wp\/v2\/categories?post=131939"},{"taxonomy":"post_tag","embeddable":true,"href":"https:\/\/senoticias.com.br\/se\/wp-json\/wp\/v2\/tags?post=131939"}],"curies":[{"name":"wp","href":"https:\/\/api.w.org\/{rel}","templated":true}]}}