{"id":131934,"date":"2022-03-14T21:19:52","date_gmt":"2022-03-15T00:19:52","guid":{"rendered":"https:\/\/senoticias.com.br\/se\/?p=131934"},"modified":"2022-03-14T21:19:58","modified_gmt":"2022-03-15T00:19:58","slug":"base-aliada-escolhe-fabio-mitidieri-candidato-ao-governo-de-sergipe","status":"publish","type":"post","link":"https:\/\/senoticias.com.br\/se\/base-aliada-escolhe-fabio-mitidieri-candidato-ao-governo-de-sergipe\/","title":{"rendered":"Base aliada escolhe F\u00e1bio Mitidieri candidato ao Governo de Sergipe"},"content":{"rendered":"\n<p>O deputado federal Fabio Mitidieri (PSD) \u00e9 o pr\u00e9-candidato a governador pela base aliada ao Governo do Estado. A decis\u00e3o foi tomada depois de reuni\u00e3o entre o governador Belivaldo Chagas (PSD) e lideran\u00e7as que formam o bloco governista, nesta segunda-feira (14) \u00e0 noite. A informa\u00e7\u00e3o \u00e9 do jornalista Diogenes Brayner.<\/p>\n\n\n\n<figure class=\"wp-block-image size-large\"><img loading=\"lazy\" decoding=\"async\" width=\"573\" height=\"379\" src=\"https:\/\/senoticias.com.br\/se\/wp-content\/uploads\/2016\/07\/Fabio-Mitidiere-SE-Noticias.jpg\" alt=\"\" class=\"wp-image-94540\" srcset=\"https:\/\/senoticias.com.br\/se\/wp-content\/uploads\/2016\/07\/Fabio-Mitidiere-SE-Noticias.jpg 573w, https:\/\/senoticias.com.br\/se\/wp-content\/uploads\/2016\/07\/Fabio-Mitidiere-SE-Noticias-300x198.jpg 300w, https:\/\/senoticias.com.br\/se\/wp-content\/uploads\/2016\/07\/Fabio-Mitidiere-SE-Noticias-342x226.jpg 342w\" sizes=\"(max-width: 573px) 100vw, 573px\" \/><figcaption> F\u00e1bio Mitidieri \u00e9 deputado federal por Sergipe &#8211; Foto; arquivo\/Ag\u00eancia C\u00e2mara<\/figcaption><\/figure>\n\n\n\n<p>Segundo informa\u00e7\u00e3o de um dos integrantes da reuni\u00e3o, a decis\u00e3o ofereceu alguns contrapontos, durante os discursos dos demais pr\u00e9-candidatos \u2013 prefeito Edvaldo Nogueira (PDT) e deputado federal La\u00e9rcio Oliveira (PP) \u2013 mais a maioria dos participantes optaram pelo nome de Mitidieri, que ter\u00e1 o apoio integral de toda a base.<\/p>\n\n\n\n<p>O prefeito Edvaldo Nogueira (PTB) colocou o nome \u00e0 disposi\u00e7\u00e3o da base aliada, mas deixava claro que n\u00e3o se arriscaria a disputar o Governo do Estado, caso n\u00e3o sentisse seguran\u00e7a de que teria todo o apoio da base aliada, inclusive porque sofreria o risco de se desincompatibilizar da Prefeitura e ter uma disputa mais \u00e0 frente que n\u00e3o obtivesse \u00eaxito, exatamente pela falta de unidade absoluta.<\/p>\n\n\n\n<p>A partir de agora, Mitidieri entra em campo como pr\u00e9-candidato \u00e0 sucess\u00e3o, apoiado pela base aliada e vai expandir seus contatos com lideran\u00e7as pol\u00edticas para tratar sobre a forma\u00e7\u00e3o de chapas parlamentares, da passagem pela janela e de buscar novos partidos para se integrar \u00e0 sua candidatura.<\/p>\n\n\n\n<p>Os candidatos ao Senado e vice-governador ser\u00e3o conhecidos mais \u00e0 frente.<\/p>\n\n\n\n<p><em><strong>Quer receber as principais not\u00edcias do<\/strong>\u00a0<strong>SE Not\u00edcias<\/strong>\u00a0<strong>no seu<\/strong>\u00a0<strong>WhatsApp?<\/strong>\u00a0<strong><a href=\"https:\/\/api.whatsapp.com\/send?phone=5579991715289\">Clique aqui<\/a><\/strong>.<\/em><\/p>\n\n\n\n<p>Fonte: Brayner\/FaxAju<\/p>\n","protected":false},"excerpt":{"rendered":"<p>O deputado federal Fabio Mitidieri (PSD) \u00e9 o pr\u00e9-candidato a governador pela base aliada ao Governo do Estado. A decis\u00e3o foi tomada depois de reuni\u00e3o entre o governador Belivaldo Chagas (PSD) e lideran\u00e7as que formam o bloco governista, nesta segunda-feira (14) \u00e0 noite. A informa\u00e7\u00e3o \u00e9 do jornalista Diogenes Brayner. Segundo informa\u00e7\u00e3o de um dos [&hellip;]<\/p>\n","protected":false},"author":6557,"featured_media":0,"comment_status":"closed","ping_status":"closed","sticky":false,"template":"","format":"standard","meta":{"footnotes":""},"categories":[15,6],"tags":[12125,7306,36103],"class_list":{"0":"post-131934","1":"post","2":"type-post","3":"status-publish","4":"format-standard","6":"category-destaques","7":"category-politica","8":"tag-eleicoes-2022","9":"tag-fabio-mitidieri","10":"tag-fabio-mitidieri-candidato-ao-governo"},"_links":{"self":[{"href":"https:\/\/senoticias.com.br\/se\/wp-json\/wp\/v2\/posts\/131934"}],"collection":[{"href":"https:\/\/senoticias.com.br\/se\/wp-json\/wp\/v2\/posts"}],"about":[{"href":"https:\/\/senoticias.com.br\/se\/wp-json\/wp\/v2\/types\/post"}],"author":[{"embeddable":true,"href":"https:\/\/senoticias.com.br\/se\/wp-json\/wp\/v2\/users\/6557"}],"replies":[{"embeddable":true,"href":"https:\/\/senoticias.com.br\/se\/wp-json\/wp\/v2\/comments?post=131934"}],"version-history":[{"count":0,"href":"https:\/\/senoticias.com.br\/se\/wp-json\/wp\/v2\/posts\/131934\/revisions"}],"wp:attachment":[{"href":"https:\/\/senoticias.com.br\/se\/wp-json\/wp\/v2\/media?parent=131934"}],"wp:term":[{"taxonomy":"category","embeddable":true,"href":"https:\/\/senoticias.com.br\/se\/wp-json\/wp\/v2\/categories?post=131934"},{"taxonomy":"post_tag","embeddable":true,"href":"https:\/\/senoticias.com.br\/se\/wp-json\/wp\/v2\/tags?post=131934"}],"curies":[{"name":"wp","href":"https:\/\/api.w.org\/{rel}","templated":true}]}}