{"id":131933,"date":"2022-03-14T21:10:24","date_gmt":"2022-03-15T00:10:24","guid":{"rendered":"https:\/\/senoticias.com.br\/se\/?p=131933"},"modified":"2022-03-14T21:10:47","modified_gmt":"2022-03-15T00:10:47","slug":"senador-alessandro-vieira-desiste-de-concorrer-a-presidencia","status":"publish","type":"post","link":"https:\/\/senoticias.com.br\/se\/senador-alessandro-vieira-desiste-de-concorrer-a-presidencia\/","title":{"rendered":"Senador Alessandro Vieira desiste de concorrer \u00e0 Presid\u00eancia"},"content":{"rendered":"\n<p><\/p>\n\n\n\n<p>O senador Alessandro Vieira \u2013 sem partido \u2013 disse que n\u00e3o vai mais disputar a Presid\u00eancia da Rep\u00fablica. Entrevistado pela CNN Brasil, o parlamentar afirmou que \u201cn\u00e3o existe nenhuma possibilidade de perman\u00eancia na disputa pela Presid\u00eancia, isso j\u00e1 \u00e9 passado nessa trajet\u00f3ria pol\u00edtica que eu venho exercendo\u201d, afirmou.<\/p>\n\n\n\n<figure class=\"wp-block-image size-large\"><img loading=\"lazy\" decoding=\"async\" width=\"540\" height=\"674\" src=\"https:\/\/senoticias.com.br\/se\/wp-content\/uploads\/2014\/02\/alessandro2.jpg\" alt=\"\" class=\"wp-image-59910\" srcset=\"https:\/\/senoticias.com.br\/se\/wp-content\/uploads\/2014\/02\/alessandro2.jpg 540w, https:\/\/senoticias.com.br\/se\/wp-content\/uploads\/2014\/02\/alessandro2-240x300.jpg 240w, https:\/\/senoticias.com.br\/se\/wp-content\/uploads\/2014\/02\/alessandro2-342x426.jpg 342w, https:\/\/senoticias.com.br\/se\/wp-content\/uploads\/2014\/02\/alessandro2-300x374.jpg 300w\" sizes=\"(max-width: 540px) 100vw, 540px\" \/><figcaption> Alessandro Vieira ainda vai avaliar se disputar\u00e1 o governo do estado &#8211; arquivo\/SSP\/SE<\/figcaption><\/figure>\n\n\n\n<p>Ap\u00f3s ter deixado o Cidadania, Alessandro garante que o seu objetivo agora ser\u00e1 apoiar algum candidato da terceira via, em oposi\u00e7\u00e3o a Lula (PT) e Bolsonaro (PL), que aparecem na frente nas pesquisas de inten\u00e7\u00e3o de voto at\u00e9 o momento. \u201c\u00c9 um desafio muito grande, mas acho que todos devem ter desprendimento, esp\u00edrito p\u00fablico e capacidade de constru\u00e7\u00e3o\u201d, discursa.<\/p>\n\n\n\n<p>Alessandro Vieira n\u00e3o descartou a possibilidade de disputar o governo estadual nas elei\u00e7\u00f5es de outubro: \u201cTenho um compromisso muito grande com Sergipe, mas precisamos ouvir a base neste momento, remontar a estrutura partid\u00e1ria, o que n\u00e3o \u00e9 simples de fazer em poucas semanas, e depois avaliar o pr\u00f3ximo caminho\u201d, destacou.<\/p>\n\n\n\n<p><em><strong>Quer receber as principais not\u00edcias do<\/strong>\u00a0<strong>SE Not\u00edcias<\/strong>\u00a0<strong>no seu<\/strong>\u00a0<strong>WhatsApp?<\/strong>\u00a0<strong><a href=\"https:\/\/api.whatsapp.com\/send?phone=5579991715289\">Clique aqui<\/a><\/strong>.<\/em><\/p>\n\n\n\n<p>Fonte: CNN Brasil<\/p>\n","protected":false},"excerpt":{"rendered":"<p>O senador Alessandro Vieira \u2013 sem partido \u2013 disse que n\u00e3o vai mais disputar a Presid\u00eancia da Rep\u00fablica. Entrevistado pela CNN Brasil, o parlamentar afirmou que \u201cn\u00e3o existe nenhuma possibilidade de perman\u00eancia na disputa pela Presid\u00eancia, isso j\u00e1 \u00e9 passado nessa trajet\u00f3ria pol\u00edtica que eu venho exercendo\u201d, afirmou. Ap\u00f3s ter deixado o Cidadania, Alessandro garante [&hellip;]<\/p>\n","protected":false},"author":6557,"featured_media":0,"comment_status":"closed","ping_status":"closed","sticky":false,"template":"","format":"standard","meta":{"footnotes":""},"categories":[15,2961],"tags":[2946,12125,11299],"class_list":{"0":"post-131933","1":"post","2":"type-post","3":"status-publish","4":"format-standard","6":"category-destaques","7":"category-nacional","8":"tag-alessandro-vieira","9":"tag-eleicoes-2022","10":"tag-senador-alessandro-vieira"},"_links":{"self":[{"href":"https:\/\/senoticias.com.br\/se\/wp-json\/wp\/v2\/posts\/131933"}],"collection":[{"href":"https:\/\/senoticias.com.br\/se\/wp-json\/wp\/v2\/posts"}],"about":[{"href":"https:\/\/senoticias.com.br\/se\/wp-json\/wp\/v2\/types\/post"}],"author":[{"embeddable":true,"href":"https:\/\/senoticias.com.br\/se\/wp-json\/wp\/v2\/users\/6557"}],"replies":[{"embeddable":true,"href":"https:\/\/senoticias.com.br\/se\/wp-json\/wp\/v2\/comments?post=131933"}],"version-history":[{"count":0,"href":"https:\/\/senoticias.com.br\/se\/wp-json\/wp\/v2\/posts\/131933\/revisions"}],"wp:attachment":[{"href":"https:\/\/senoticias.com.br\/se\/wp-json\/wp\/v2\/media?parent=131933"}],"wp:term":[{"taxonomy":"category","embeddable":true,"href":"https:\/\/senoticias.com.br\/se\/wp-json\/wp\/v2\/categories?post=131933"},{"taxonomy":"post_tag","embeddable":true,"href":"https:\/\/senoticias.com.br\/se\/wp-json\/wp\/v2\/tags?post=131933"}],"curies":[{"name":"wp","href":"https:\/\/api.w.org\/{rel}","templated":true}]}}