{"id":131879,"date":"2022-03-09T13:04:42","date_gmt":"2022-03-09T16:04:42","guid":{"rendered":"https:\/\/senoticias.com.br\/se\/?p=131879"},"modified":"2022-03-09T13:07:34","modified_gmt":"2022-03-09T16:07:34","slug":"programacao-da-romaria-de-nosso-senhor-dos-passos-sera-online-e-sem-peregrinacao","status":"publish","type":"post","link":"https:\/\/senoticias.com.br\/se\/programacao-da-romaria-de-nosso-senhor-dos-passos-sera-online-e-sem-peregrinacao\/","title":{"rendered":"Programa\u00e7\u00e3o da Romaria de Nosso Senhor dos Passos ser\u00e1 online e sem peregrina\u00e7\u00e3o"},"content":{"rendered":"\n<p>Com mais de dois s\u00e9culos de tradi\u00e7\u00e3o, a Romaria de Nosso Senhor dos Passos atrai \u00e0 cidade de S\u00e3o Crist\u00f3v\u00e3o centenas de devotos de diversas partes do Brasil, que n\u00e3o hesitam em acompanhar a prociss\u00e3o e pagar as promessas em uma das manifesta\u00e7\u00f5es religiosas mais antigas e simb\u00f3licas de Sergipe. Por\u00e9m, assim como em 2021, este ano o festejo religioso n\u00e3o ser\u00e1 presencial e sim online. Os Carmelitas prepararam uma vasta programa\u00e7\u00e3o que ser\u00e1 transmitida do dia 11 a 13 deste m\u00eas, nas redes sociais da Par\u00f3quia Nossa Senhora da Vit\u00f3ria.<\/p>\n\n\n\n<figure class=\"wp-block-image size-large\"><img loading=\"lazy\" decoding=\"async\" width=\"576\" height=\"384\" src=\"https:\/\/senoticias.com.br\/se\/wp-content\/uploads\/2022\/03\/Senhor-dos-Passos-SE-Noticias.jpeg\" alt=\"\" class=\"wp-image-131880\" srcset=\"https:\/\/senoticias.com.br\/se\/wp-content\/uploads\/2022\/03\/Senhor-dos-Passos-SE-Noticias.jpeg 576w, https:\/\/senoticias.com.br\/se\/wp-content\/uploads\/2022\/03\/Senhor-dos-Passos-SE-Noticias-300x200.jpeg 300w, https:\/\/senoticias.com.br\/se\/wp-content\/uploads\/2022\/03\/Senhor-dos-Passos-SE-Noticias-90x60.jpeg 90w, https:\/\/senoticias.com.br\/se\/wp-content\/uploads\/2022\/03\/Senhor-dos-Passos-SE-Noticias-180x120.jpeg 180w, https:\/\/senoticias.com.br\/se\/wp-content\/uploads\/2022\/03\/Senhor-dos-Passos-SE-Noticias-95x64.jpeg 95w\" sizes=\"(max-width: 576px) 100vw, 576px\" \/><figcaption>Programa\u00e7\u00e3o de Nosso Senhor dos Passos ser\u00e1 online &#8211; Foto: arquivo\/Dane Santos<\/figcaption><\/figure>\n\n\n\n<p>De acordo com o p\u00e1roco da cidade, Frei Pedro, desde que surgiu a tradi\u00e7\u00e3o de Nosso Senhor dos Passos em S\u00e3o Crist\u00f3v\u00e3o, quando pescadores encontraram a imagem \u00e0 deriva no rio Paramopama e a levaram aos Carmelitas, o evento religioso re\u00fane muitos fieis que pedem gra\u00e7as e b\u00ean\u00e7\u00e3os, seja acompanhando as missas e\/ou atrav\u00e9s da peregrina\u00e7\u00e3o. \u201cO formato online \u00e9 uma adapta\u00e7\u00e3o necess\u00e1ria diante da situa\u00e7\u00e3o atual. Mais uma vez a programa\u00e7\u00e3o ser\u00e1 online e gostaria que todos acompanhassem pelas redes sociais tudo o que iremos oferecer e todos os atos lit\u00fargicos\u201d, disse o p\u00e1roco.<\/p>\n\n\n\n<p>Sem carreatas ou prociss\u00e3o, as imagens permanecer\u00e3o nas Igrejas e haver\u00e1 cerca disciplinadora para que os fieis n\u00e3o passem por debaixo delas, como costume. Outra observa\u00e7\u00e3o \u00e9 a presen\u00e7a das equipes dando suporte no acolhimento dos fieis e no recebimento de velas, para que n\u00e3o haja aglomera\u00e7\u00e3o no per\u00edodo em que as Igrejas permanecerem abertas.<\/p>\n\n\n\n<p><strong>Programa\u00e7\u00e3o ser\u00e1 transmitida pelas redes sociais da Par\u00f3quia<\/strong><\/p>\n\n\n\n<p><strong>Sexta-Feira &#8211; 11\/03<\/strong><\/p>\n\n\n\n<p>Of\u00edcio da Romaria \/ Campal da Pra\u00e7a Senhor Dos Passos &#8211; 18h30<\/p>\n\n\n\n<p><strong>S\u00e1bado \u2013 12\/03<\/strong><br><strong>Igreja do Carmo Maior<\/strong><br>10h \u2013 Missa<br>17h \u2013 Missa<br>19h \u2013 Missa e Canto dos Passos da Penit\u00eancia<\/p>\n\n\n\n<p><strong>Domingo &#8211; 13\/03<\/strong><\/p>\n\n\n\n<p><strong>Igreja do Carmo Maior<\/strong><br><strong>07h &#8211; Missa<\/strong><br>10h &#8211; Missa Solene<br>17h \u2013 Serm\u00e3o do encontro, Passos do encontro e Canto da Ver\u00f4nica<\/p>\n\n\n\n<p><em><strong>Quer receber as principais not\u00edcias do<\/strong>\u00a0<strong>SE Not\u00edcias<\/strong>\u00a0<strong>no seu<\/strong>\u00a0<strong>WhatsApp?<\/strong>\u00a0<strong><a href=\"https:\/\/api.whatsapp.com\/send?phone=5579991715289\">Clique aqui<\/a><\/strong>.<\/em><\/p>\n\n\n\n<p>Fonte: ascom\/PMSC<\/p>\n","protected":false},"excerpt":{"rendered":"<p>Com mais de dois s\u00e9culos de tradi\u00e7\u00e3o, a Romaria de Nosso Senhor dos Passos atrai \u00e0 cidade de S\u00e3o Crist\u00f3v\u00e3o centenas de devotos de diversas partes do Brasil, que n\u00e3o hesitam em acompanhar a prociss\u00e3o e pagar as promessas em uma das manifesta\u00e7\u00f5es religiosas mais antigas e simb\u00f3licas de Sergipe. Por\u00e9m, assim como em 2021, [&hellip;]<\/p>\n","protected":false},"author":6557,"featured_media":0,"comment_status":"closed","ping_status":"closed","sticky":false,"template":"","format":"standard","meta":{"footnotes":""},"categories":[15,46],"tags":[11716,8323],"class_list":{"0":"post-131879","1":"post","2":"type-post","3":"status-publish","4":"format-standard","6":"category-destaques","7":"category-religiao","8":"tag-romaria-de-nosso-senhor-dos-passos","9":"tag-senhor-dos-passos"},"_links":{"self":[{"href":"https:\/\/senoticias.com.br\/se\/wp-json\/wp\/v2\/posts\/131879"}],"collection":[{"href":"https:\/\/senoticias.com.br\/se\/wp-json\/wp\/v2\/posts"}],"about":[{"href":"https:\/\/senoticias.com.br\/se\/wp-json\/wp\/v2\/types\/post"}],"author":[{"embeddable":true,"href":"https:\/\/senoticias.com.br\/se\/wp-json\/wp\/v2\/users\/6557"}],"replies":[{"embeddable":true,"href":"https:\/\/senoticias.com.br\/se\/wp-json\/wp\/v2\/comments?post=131879"}],"version-history":[{"count":0,"href":"https:\/\/senoticias.com.br\/se\/wp-json\/wp\/v2\/posts\/131879\/revisions"}],"wp:attachment":[{"href":"https:\/\/senoticias.com.br\/se\/wp-json\/wp\/v2\/media?parent=131879"}],"wp:term":[{"taxonomy":"category","embeddable":true,"href":"https:\/\/senoticias.com.br\/se\/wp-json\/wp\/v2\/categories?post=131879"},{"taxonomy":"post_tag","embeddable":true,"href":"https:\/\/senoticias.com.br\/se\/wp-json\/wp\/v2\/tags?post=131879"}],"curies":[{"name":"wp","href":"https:\/\/api.w.org\/{rel}","templated":true}]}}