{"id":131810,"date":"2022-03-04T06:32:01","date_gmt":"2022-03-04T09:32:01","guid":{"rendered":"https:\/\/senoticias.com.br\/se\/?p=131810"},"modified":"2022-03-04T06:32:01","modified_gmt":"2022-03-04T09:32:01","slug":"prefeito-reune-secretariado-para-avaliacao-de-projetos-prioritarios-da-gestao-de-aracaju","status":"publish","type":"post","link":"https:\/\/senoticias.com.br\/se\/prefeito-reune-secretariado-para-avaliacao-de-projetos-prioritarios-da-gestao-de-aracaju\/","title":{"rendered":"Prefeito re\u00fane secretariado para avalia\u00e7\u00e3o de projetos priorit\u00e1rios da gest\u00e3o de Aracaju"},"content":{"rendered":"\n<p><\/p>\n\n\n\n<p>O prefeito Edvaldo Nogueira reuniu, durante toda esta quinta-feira, 3, os secret\u00e1rios municipais para uma reuni\u00e3o geral de avalia\u00e7\u00e3o dos projetos inclu\u00eddos no Planejamento Estrat\u00e9gico da gest\u00e3o. Cada secret\u00e1rio exp\u00f4s o andamento das a\u00e7\u00f5es de sua respectiva pasta, dando maior enfoque aos projetos estrat\u00e9gicos da administra\u00e7\u00e3o.<\/p>\n\n\n\n<figure class=\"wp-block-image size-large\"><img loading=\"lazy\" decoding=\"async\" width=\"570\" height=\"369\" src=\"https:\/\/senoticias.com.br\/se\/wp-content\/uploads\/2022\/03\/Prefeito-Edvaldo-SE-Noticias.jpg\" alt=\"\" class=\"wp-image-131827\" srcset=\"https:\/\/senoticias.com.br\/se\/wp-content\/uploads\/2022\/03\/Prefeito-Edvaldo-SE-Noticias.jpg 570w, https:\/\/senoticias.com.br\/se\/wp-content\/uploads\/2022\/03\/Prefeito-Edvaldo-SE-Noticias-300x194.jpg 300w, https:\/\/senoticias.com.br\/se\/wp-content\/uploads\/2022\/03\/Prefeito-Edvaldo-SE-Noticias-190x122.jpg 190w\" sizes=\"(max-width: 570px) 100vw, 570px\" \/><figcaption>Edvaldo em reuni\u00e3o com secret\u00e1rios municipais &#8211; Foto: Ana L\u00edcia Menezes\/AAN<\/figcaption><\/figure>\n\n\n\n<p>&#8220;Essa reuni\u00e3o foi important\u00edssima, pois serve para discutirmos projeto a projeto, para que todos os secret\u00e1rios tenham conhecimento do que estamos realizando e para ampliar a integra\u00e7\u00e3o do trabalho. Tamb\u00e9m \u00e9 a forma de avan\u00e7armos na prioriza\u00e7\u00e3o dos projetos que trar\u00e3o mais resultado ao cidad\u00e3o, al\u00e9m de fazermos os ajustes necess\u00e1rios&#8221;, afirmou Edvaldo.<\/p>\n\n\n\n<p>Durante a reuni\u00e3o, as obras estruturantes em andamento na cidade foram amplamente discutidas, sobretudo as que ser\u00e3o entregues \u00e0 popula\u00e7\u00e3o neste semestre, a exemplo da nova avenida constru\u00edda no bairro Jap\u00e3ozinho, a primeira maternidade municipal, o novo Terminal do Mercado, entre outras interven\u00e7\u00f5es de infraestrutura em v\u00e1rios bairros.<\/p>\n\n\n\n<p>As \u00e1reas da Sa\u00fade, Educa\u00e7\u00e3o e Cultura tamb\u00e9m foram foco de discuss\u00e3o. Na Sa\u00fade, entre os projetos em andamento est\u00e3o a amplia\u00e7\u00e3o das equipes de Sa\u00fade Bucal nas unidades de sa\u00fade, a constru\u00e7\u00e3o de um Centro de Imagem, al\u00e9m de iniciativas para redu\u00e7\u00e3o de filas para realiza\u00e7\u00e3o de exames e consultas em especialidades m\u00e9dicas.<\/p>\n\n\n\n<p>Na Educa\u00e7\u00e3o, s\u00e3o projetos priorit\u00e1rios a melhoria da estrutura f\u00edsica das escolas, a melhoria da qualidade do ensino e a amplia\u00e7\u00e3o das vagas em creches e pr\u00e9-escolas. Na Cultura, eventos e festivais, a exemplo do Quinta Cultural, Por do Som e Festival Itinerante de Barzinhos, ganhar\u00e3o novas edi\u00e7\u00f5es.<\/p>\n\n\n\n<p>O uso da tecnologia foi abordado por todas as secretarias, como mecanismo para tornar mais eficiente os servi\u00e7os ofertados ao cidad\u00e3o, seja na Educa\u00e7\u00e3o e Sa\u00fade, mas tamb\u00e9m nas \u00e1reas mais administrativas, como nas secretarias de Finan\u00e7as, Planejamento, Controladoria e Meio Ambiente, para que o atendimento \u00e0s demandas dos cidad\u00e3os seja mais qualificado.<\/p>\n\n\n\n<p>Os projetos das secretarias de Planejamento, Turismo, Transporte e Tr\u00e2nsito, Finan\u00e7as, Assist\u00eancia Social, Forma\u00e7\u00e3o para o Trabalho, Meio Ambiente, Defesa Social e Servi\u00e7os Urbanos, al\u00e9m dos que est\u00e3o sob a responsabilidade do Gabinete da Vice-Prefeitura e do setor de Inova\u00e7\u00e3o tamb\u00e9m foram apresentados pelos gestores ao longo da reuni\u00e3o.<\/p>\n\n\n\n<p>&#8220;O Planejamento Estrat\u00e9gico \u00e9 o guia do nosso trabalho e o uso da tecnologia a favor do cidad\u00e3o tem sido um importante norteador, al\u00e9m da nossa constante preocupa\u00e7\u00e3o em atender \u00e0s necessidades da popula\u00e7\u00e3o. Acredito que o maior legado da nossa gest\u00e3o \u00e9 materializar, na nossa cidade, a melhoria da qualidade de vida, a inova\u00e7\u00e3o na gest\u00e3o p\u00fablica e a presta\u00e7\u00e3o do servi\u00e7o mais eficaz e eficiente ao aracajuano&#8221;, declarou o prefeito.<\/p>\n\n\n\n<p>Participaram da reuni\u00e3o a vice-prefeita Katarina Feitoza, os secret\u00e1rios Carlos Cau\u00ea (Comunica\u00e7\u00e3o), Jeferson Passos (Fazenda), Waneska Barboza (Sa\u00fade), Evandro Galdino (Governo), Luciano Correia (Cultura), Lu\u00eds Fernando Almeida (Defesa Social), Jorge Fraga (Turismo), S\u00e9rgio Ferrari (Obras e Urbaniza\u00e7\u00e3o), Sergio Thiessen (Juventude e Esporte), Simone Passos (Assist\u00eancia Social), Augusto F\u00e1bio Oliveira (Planejamento), Alan Lemos (Meio Ambiente), Cec\u00edlia Leite (Educa\u00e7\u00e3o), Renato Teles (Transporte e Tr\u00e2nsito), Elizi\u00e1rio Sobral (Controladoria), Luiz Roberto Dantas (Servi\u00e7os Urbanos), Edivaneide Lima (Forma\u00e7\u00e3o para o Trabalho) e Sidney Cardoso (Procuradoria Geral).<\/p>\n\n\n\n<p><em><strong>Quer receber as principais not\u00edcias do<\/strong>\u00a0<strong>SE Not\u00edcias<\/strong>\u00a0<strong>no seu<\/strong>\u00a0<strong>WhatsApp?<\/strong>\u00a0<strong><a href=\"https:\/\/api.whatsapp.com\/send?phone=5579991715289\">Clique aqui<\/a><\/strong>.<\/em><\/p>\n\n\n\n<p>Fonte: AAN<\/p>\n","protected":false},"excerpt":{"rendered":"<p>O prefeito Edvaldo Nogueira reuniu, durante toda esta quinta-feira, 3, os secret\u00e1rios municipais para uma reuni\u00e3o geral de avalia\u00e7\u00e3o dos projetos inclu\u00eddos no Planejamento Estrat\u00e9gico da gest\u00e3o. Cada secret\u00e1rio exp\u00f4s o andamento das a\u00e7\u00f5es de sua respectiva pasta, dando maior enfoque aos projetos estrat\u00e9gicos da administra\u00e7\u00e3o. &#8220;Essa reuni\u00e3o foi important\u00edssima, pois serve para discutirmos projeto [&hellip;]<\/p>\n","protected":false},"author":6557,"featured_media":0,"comment_status":"closed","ping_status":"closed","sticky":false,"template":"","format":"standard","meta":{"footnotes":""},"categories":[15,6],"tags":[698,36034,7864],"class_list":{"0":"post-131810","1":"post","2":"type-post","3":"status-publish","4":"format-standard","6":"category-destaques","7":"category-politica","8":"tag-edvaldo-nogueira","9":"tag-edvaldo-reune-secretarios","10":"tag-prefeito-edvaldo-nogueira"},"_links":{"self":[{"href":"https:\/\/senoticias.com.br\/se\/wp-json\/wp\/v2\/posts\/131810"}],"collection":[{"href":"https:\/\/senoticias.com.br\/se\/wp-json\/wp\/v2\/posts"}],"about":[{"href":"https:\/\/senoticias.com.br\/se\/wp-json\/wp\/v2\/types\/post"}],"author":[{"embeddable":true,"href":"https:\/\/senoticias.com.br\/se\/wp-json\/wp\/v2\/users\/6557"}],"replies":[{"embeddable":true,"href":"https:\/\/senoticias.com.br\/se\/wp-json\/wp\/v2\/comments?post=131810"}],"version-history":[{"count":0,"href":"https:\/\/senoticias.com.br\/se\/wp-json\/wp\/v2\/posts\/131810\/revisions"}],"wp:attachment":[{"href":"https:\/\/senoticias.com.br\/se\/wp-json\/wp\/v2\/media?parent=131810"}],"wp:term":[{"taxonomy":"category","embeddable":true,"href":"https:\/\/senoticias.com.br\/se\/wp-json\/wp\/v2\/categories?post=131810"},{"taxonomy":"post_tag","embeddable":true,"href":"https:\/\/senoticias.com.br\/se\/wp-json\/wp\/v2\/tags?post=131810"}],"curies":[{"name":"wp","href":"https:\/\/api.w.org\/{rel}","templated":true}]}}