{"id":131778,"date":"2022-02-28T07:59:41","date_gmt":"2022-02-28T10:59:41","guid":{"rendered":"https:\/\/senoticias.com.br\/se\/?p=131778"},"modified":"2022-02-28T07:59:51","modified_gmt":"2022-02-28T10:59:51","slug":"confira-as-opcoes-de-festas-neste-carnaval-em-aracaju","status":"publish","type":"post","link":"https:\/\/senoticias.com.br\/se\/confira-as-opcoes-de-festas-neste-carnaval-em-aracaju\/","title":{"rendered":"Confira as op\u00e7\u00f5es de festas neste Carnaval em Aracaju"},"content":{"rendered":"\n<p>Confira algumas op\u00e7\u00f5es de festas para aproveitar esse feriad\u00e3o carnavalesco na capital sergipana. <\/p>\n\n\n\n<figure class=\"wp-block-image size-large\"><img loading=\"lazy\" decoding=\"async\" width=\"497\" height=\"394\" src=\"https:\/\/senoticias.com.br\/se\/wp-content\/uploads\/2017\/02\/carnaval-2017.png\" alt=\"\" class=\"wp-image-100846\" srcset=\"https:\/\/senoticias.com.br\/se\/wp-content\/uploads\/2017\/02\/carnaval-2017.png 497w, https:\/\/senoticias.com.br\/se\/wp-content\/uploads\/2017\/02\/carnaval-2017-300x238.png 300w, https:\/\/senoticias.com.br\/se\/wp-content\/uploads\/2017\/02\/carnaval-2017-45x35.png 45w\" sizes=\"(max-width: 497px) 100vw, 497px\" \/><figcaption>Carnaval em Aracaju &#8211; Foto: Lucineia Fatima Campos\/arquivo<\/figcaption><\/figure>\n\n\n\n<p><strong>Varanda Iate Club \u2013 Bailinho da Varanda<\/strong><\/p>\n\n\n\n<p>Bonde do Frevo<br>Os Faranis<br>Rafa Arag\u00e3o<\/p>\n\n\n\n<p><strong>Ter\u00e7a-feira, 1\u00ba, das 15h \u00e0s 22h<\/strong><\/p>\n\n\n\n<p>Rafa Arag\u00e3o<br>Metamorfose<br>Vibezinha<\/p>\n\n\n\n<p><strong>Pier 13 -Carna Pier<\/strong><\/p>\n\n\n\n<p><strong>Segunda, 28, das 19h \u00e0s 22h30:<\/strong><br>Gabriela Lacerda<br>Dana Estavo<\/p>\n\n\n\n<p><strong>Ter\u00e7a-feira, 1, das 19h \u00e0s 22h30:<\/strong><br>J\u00fanior Borges<br>Sambarzinho<\/p>\n\n\n\n<p><strong>Atlanta Choperia<\/strong><\/p>\n\n\n\n<p><strong>Segunda-feira, 28, das 19h \u00e0s 23h<\/strong><br>Jota Mascarenhas<br>Mangaba<\/p>\n\n\n\n<p><strong>Ter\u00e7a-feira, 1\u00ba, das 19h \u00e0s 23h<\/strong><br>Jota P\u00ea Almeida<br>Tatah Santana<\/p>\n\n\n\n<p><strong>Staleiro 79<\/strong><br><strong>Segunda, 28, das 12h \u00e0s 18h;<\/strong><\/p>\n\n\n\n<p>Axe Duo<br>Axe Vinil<br>DJ Versianni<\/p>\n\n\n\n<p><strong>Ter\u00e7a-feira, 1\u00ba, das 12h \u00e0s 18h;<\/strong><\/p>\n\n\n\n<p>Cartel Beach<br>Vibezinha<br>DJ Marraia<\/p>\n\n\n\n<p><strong>Parati Beach Club<\/strong><\/p>\n\n\n\n<p><strong>Segunda, 28, das 10h \u00e0s 13h30<\/strong><\/p>\n\n\n\n<p>Ronise Ramos<br>Wesley Ara\u00fajo<\/p>\n\n\n\n<p><strong>Ter\u00e7a-feira, 1\u00ba, das 10h \u00e0s 13h30<\/strong><\/p>\n\n\n\n<p>Karla Isabella<br>Lu Lion Reggae<\/p>\n\n\n\n<p><strong>Moqueca Alagoana<\/strong><br>Segunda, 28; das 11h \u00e0s 14h<\/p>\n\n\n\n<p><strong>D\u2019Sampa<\/strong><br>S\u00f3 Coisa Nossa<\/p>\n\n\n\n<p><strong>Ter\u00e7a-feira, 1\u00ba; das 11h \u00e0s 14h<\/strong><br>S\u00f3 Coisa Nossa<br>Mangaba<\/p>\n\n\n\n<p><strong>Cervejaria U\u00e7\u00e1 \u2013 Bloco U\u00e7a\u00e1 Fadinho \u2013 Open Bar<\/strong><\/p>\n\n\n\n<p><strong>Segunda, 28<\/strong><\/p>\n\n\n\n<p>Os Farranis<br>Kinho Farreiro<\/p>\n\n\n\n<p><strong>Cafofo Aju<\/strong><\/p>\n\n\n\n<p><strong>Segunda, 28<\/strong><br>Vinny Santiago<\/p>\n\n\n\n<p><em>Com informa\u00e7\u00f5es do <a href=\"https:\/\/infonet.com.br\/noticias\/cultura\/confira-as-opcoes-de-festas-neste-carnaval-em-aracaju\/\">Portal<\/a> Infonet<\/em><\/p>\n","protected":false},"excerpt":{"rendered":"<p>Confira algumas op\u00e7\u00f5es de festas para aproveitar esse feriad\u00e3o carnavalesco na capital sergipana. Varanda Iate Club \u2013 Bailinho da Varanda Bonde do FrevoOs FaranisRafa Arag\u00e3o Ter\u00e7a-feira, 1\u00ba, das 15h \u00e0s 22h Rafa Arag\u00e3oMetamorfoseVibezinha Pier 13 -Carna Pier Segunda, 28, das 19h \u00e0s 22h30:Gabriela LacerdaDana Estavo Ter\u00e7a-feira, 1, das 19h \u00e0s 22h30:J\u00fanior BorgesSambarzinho Atlanta Choperia Segunda-feira, [&hellip;]<\/p>\n","protected":false},"author":6557,"featured_media":0,"comment_status":"closed","ping_status":"closed","sticky":false,"template":"","format":"standard","meta":{"footnotes":""},"categories":[15,21],"tags":[339,58,3094],"class_list":{"0":"post-131778","1":"post","2":"type-post","3":"status-publish","4":"format-standard","6":"category-destaques","7":"category-entretenimento","8":"tag-aracaju","9":"tag-carnaval","10":"tag-feriadao"},"_links":{"self":[{"href":"https:\/\/senoticias.com.br\/se\/wp-json\/wp\/v2\/posts\/131778"}],"collection":[{"href":"https:\/\/senoticias.com.br\/se\/wp-json\/wp\/v2\/posts"}],"about":[{"href":"https:\/\/senoticias.com.br\/se\/wp-json\/wp\/v2\/types\/post"}],"author":[{"embeddable":true,"href":"https:\/\/senoticias.com.br\/se\/wp-json\/wp\/v2\/users\/6557"}],"replies":[{"embeddable":true,"href":"https:\/\/senoticias.com.br\/se\/wp-json\/wp\/v2\/comments?post=131778"}],"version-history":[{"count":0,"href":"https:\/\/senoticias.com.br\/se\/wp-json\/wp\/v2\/posts\/131778\/revisions"}],"wp:attachment":[{"href":"https:\/\/senoticias.com.br\/se\/wp-json\/wp\/v2\/media?parent=131778"}],"wp:term":[{"taxonomy":"category","embeddable":true,"href":"https:\/\/senoticias.com.br\/se\/wp-json\/wp\/v2\/categories?post=131778"},{"taxonomy":"post_tag","embeddable":true,"href":"https:\/\/senoticias.com.br\/se\/wp-json\/wp\/v2\/tags?post=131778"}],"curies":[{"name":"wp","href":"https:\/\/api.w.org\/{rel}","templated":true}]}}