{"id":131737,"date":"2022-02-23T17:20:21","date_gmt":"2022-02-23T20:20:21","guid":{"rendered":"https:\/\/senoticias.com.br\/se\/?p=131737"},"modified":"2022-02-23T22:34:42","modified_gmt":"2022-02-24T01:34:42","slug":"diretoria-da-sa-ja-pode-ser-composta-por-apenas-uma-pessoa-2","status":"publish","type":"post","link":"https:\/\/senoticias.com.br\/se\/diretoria-da-sa-ja-pode-ser-composta-por-apenas-uma-pessoa-2\/","title":{"rendered":"Diretoria da SA j\u00e1 pode ser composta por apenas uma pessoa"},"content":{"rendered":"\n<p><em><strong>Informe Publicit\u00e1rio!<\/strong><\/em><br><br>Foi com o objetivo facilitar e desburocratizar o processo de abertura de empresas, que o Governo Federal fez uma modifica\u00e7\u00e3o no Art. 143 da Lei Complementar 182\/21 das Sociedades An\u00f4nimas. Atendendo \u00e0 mudan\u00e7a, a Jucese (Junta Comercial de Sergipe) est\u00e1 trabalhando com as novas regras desde o m\u00eas de dezembro, onde passa a permitir que uma diretoria seja formada por um ou mais integrantes.<\/p>\n\n\n\n<figure class=\"wp-block-image size-large\"><img loading=\"lazy\" decoding=\"async\" width=\"526\" height=\"526\" src=\"https:\/\/senoticias.com.br\/se\/wp-content\/uploads\/2022\/02\/Jucese-SE-Noticias-1.jpg\" alt=\"\" class=\"wp-image-131738\" srcset=\"https:\/\/senoticias.com.br\/se\/wp-content\/uploads\/2022\/02\/Jucese-SE-Noticias-1.jpg 526w, https:\/\/senoticias.com.br\/se\/wp-content\/uploads\/2022\/02\/Jucese-SE-Noticias-1-300x300.jpg 300w, https:\/\/senoticias.com.br\/se\/wp-content\/uploads\/2022\/02\/Jucese-SE-Noticias-1-150x150.jpg 150w\" sizes=\"(max-width: 526px) 100vw, 526px\" \/><\/figure>\n\n\n\n<p>A sociedade an\u00f4nima simplificada visa reduzir custos e burocracias, pois proporciona redu\u00e7\u00e3o de custos. Agora, para o desenvolvimento da diretoria, \u00e9 necess\u00e1rio apenas um componente a desonera\u00e7\u00e3o com publica\u00e7\u00f5es obrigat\u00f3rias. Al\u00e9m disso, ainda permite estabelecer dividendos desproporcionais aos acionistas.<\/p>\n\n\n\n<p>Estas medidas acabam facilitando o acesso de empresas de porte reduzido e aumentando o desenvolvimento do mercado de capitais brasileiras.<\/p>\n\n\n\n<p><em><strong>Quer receber as principais not\u00edcias do<\/strong>&nbsp;<strong>SE Not\u00edcias<\/strong>&nbsp;<strong>no seu<\/strong>&nbsp;<strong>WhatsApp?<\/strong>&nbsp;<strong><a href=\"https:\/\/api.whatsapp.com\/send?phone=5579991715289\">Clique aqui<\/a><\/strong>.<\/em><\/p>\n\n\n\n<p>Fonte: Jucese<\/p>\n","protected":false},"excerpt":{"rendered":"<p>Informe Publicit\u00e1rio! Foi com o objetivo facilitar e desburocratizar o processo de abertura de empresas, que o Governo Federal fez uma modifica\u00e7\u00e3o no Art. 143 da Lei Complementar 182\/21 das Sociedades An\u00f4nimas. Atendendo \u00e0 mudan\u00e7a, a Jucese (Junta Comercial de Sergipe) est\u00e1 trabalhando com as novas regras desde o m\u00eas de dezembro, onde passa a [&hellip;]<\/p>\n","protected":false},"author":6557,"featured_media":0,"comment_status":"closed","ping_status":"closed","sticky":false,"template":"","format":"standard","meta":{"footnotes":""},"categories":[15,1,45],"tags":[35989,477,35988],"class_list":{"0":"post-131737","1":"post","2":"type-post","3":"status-publish","4":"format-standard","6":"category-destaques","7":"category-sem-categoria","8":"category-tecnologia","9":"tag-diretoria-da-sa","10":"tag-jucese","11":"tag-sociedade-anonima"},"_links":{"self":[{"href":"https:\/\/senoticias.com.br\/se\/wp-json\/wp\/v2\/posts\/131737"}],"collection":[{"href":"https:\/\/senoticias.com.br\/se\/wp-json\/wp\/v2\/posts"}],"about":[{"href":"https:\/\/senoticias.com.br\/se\/wp-json\/wp\/v2\/types\/post"}],"author":[{"embeddable":true,"href":"https:\/\/senoticias.com.br\/se\/wp-json\/wp\/v2\/users\/6557"}],"replies":[{"embeddable":true,"href":"https:\/\/senoticias.com.br\/se\/wp-json\/wp\/v2\/comments?post=131737"}],"version-history":[{"count":0,"href":"https:\/\/senoticias.com.br\/se\/wp-json\/wp\/v2\/posts\/131737\/revisions"}],"wp:attachment":[{"href":"https:\/\/senoticias.com.br\/se\/wp-json\/wp\/v2\/media?parent=131737"}],"wp:term":[{"taxonomy":"category","embeddable":true,"href":"https:\/\/senoticias.com.br\/se\/wp-json\/wp\/v2\/categories?post=131737"},{"taxonomy":"post_tag","embeddable":true,"href":"https:\/\/senoticias.com.br\/se\/wp-json\/wp\/v2\/tags?post=131737"}],"curies":[{"name":"wp","href":"https:\/\/api.w.org\/{rel}","templated":true}]}}