{"id":131719,"date":"2022-02-22T16:10:22","date_gmt":"2022-02-22T19:10:22","guid":{"rendered":"https:\/\/senoticias.com.br\/se\/?p=131719"},"modified":"2022-02-22T16:14:47","modified_gmt":"2022-02-22T19:14:47","slug":"filho-de-agricultor-que-teve-nota-maxima-em-matematica-no-enem-conquista-2o-lugar-em-medicina-na-ufs","status":"publish","type":"post","link":"https:\/\/senoticias.com.br\/se\/filho-de-agricultor-que-teve-nota-maxima-em-matematica-no-enem-conquista-2o-lugar-em-medicina-na-ufs\/","title":{"rendered":"Filho de agricultor que teve nota m\u00e1xima em matem\u00e1tica no Enem, conquista 2\u00ba lugar em medicina na UFS"},"content":{"rendered":"\n<p>Nesta ter\u00e7a-feira (22) come\u00e7aram a ser divulgados os resultados do Sistema de Sele\u00e7\u00e3o Unificado, Sisu, que permite aos estudantes ingressarem em universidades de todo o pa\u00eds. Em Sergipe, Filipe Nunes Rezende est\u00e1 entre os destaques, ele conquistou o 2\u00ba lugar geral no curso de medicina na Universidade Federal de Sergipe.<\/p>\n\n\n\n<figure class=\"wp-block-image size-large\"><img loading=\"lazy\" decoding=\"async\" width=\"589\" height=\"392\" src=\"https:\/\/senoticias.com.br\/se\/wp-content\/uploads\/2022\/02\/Estudante-sergipano-se-noticias.jpg\" alt=\"\" class=\"wp-image-131655\" srcset=\"https:\/\/senoticias.com.br\/se\/wp-content\/uploads\/2022\/02\/Estudante-sergipano-se-noticias.jpg 589w, https:\/\/senoticias.com.br\/se\/wp-content\/uploads\/2022\/02\/Estudante-sergipano-se-noticias-300x200.jpg 300w, https:\/\/senoticias.com.br\/se\/wp-content\/uploads\/2022\/02\/Estudante-sergipano-se-noticias-90x60.jpg 90w, https:\/\/senoticias.com.br\/se\/wp-content\/uploads\/2022\/02\/Estudante-sergipano-se-noticias-180x120.jpg 180w, https:\/\/senoticias.com.br\/se\/wp-content\/uploads\/2022\/02\/Estudante-sergipano-se-noticias-95x64.jpg 95w\" sizes=\"(max-width: 589px) 100vw, 589px\" \/><figcaption> Estudante sergipano conquistou maior nota do pa\u00eds em matem\u00e1tica nesta edi\u00e7\u00e3o do Enem &#8211; Foto: arquivo\/Seduc<\/figcaption><\/figure>\n\n\n\n<p>Filho de agricultor, Filipe estuda no Col\u00e9gio Estadual Nestor de Carvalho Lima, em Itabaiana, regi\u00e3o Agreste do estado, onde tamb\u00e9m reside, no povoado Cara\u00edbas, zona rural do munic\u00edpio.<\/p>\n\n\n\n<p>Filipe j\u00e1 tinha chamado a aten\u00e7\u00e3o quando as notas do Exame Nacional do Ensino M\u00e9dio (Enem) foram divulgadas. Ele conseguiu acertar todas as quest\u00f5es de matem\u00e1tica, conquistando nota 953.1, m\u00e9dia m\u00e1xima da edi\u00e7\u00e3o. Na \u00e9poca, ele falou sobre a surpresa com o resultado.<\/p>\n\n\n\n<p>&#8220;De certa forma, eu n\u00e3o esperava esse resultado, pois nunca havia gabaritado nenhuma edi\u00e7\u00e3o anterior, nem simulados, por isso foi uma surpresa para mim. Me sinto muito feliz por todo esse reconhecimento e por trazer essa nota para Itabaiana e para Sergipe, al\u00e9m do sentimento de dever cumprido como estudante e vestibulando&#8221;, contou.<\/p>\n\n\n\n<p>Nas redes sociais, a Secretaria de Estado da Educa\u00e7\u00e3o, do Esporte e da Cultura, a Seduc, prestou uma homenagem ao estudante e deixou boas energias. \u201cTodo sucesso do mundo, Filipe!\u201d, disse o post.<\/p>\n\n\n\n<p><em><strong>Quer receber as principais not\u00edcias do<\/strong>\u00a0<strong>SE Not\u00edcias<\/strong>\u00a0<strong>no seu<\/strong>\u00a0<strong>WhatsApp?<\/strong>\u00a0<strong><a href=\"https:\/\/api.whatsapp.com\/send?phone=5579991715289\">Clique aqui<\/a><\/strong>.<\/em><\/p>\n\n\n\n<p>Fonte: <strong><a href=\"https:\/\/a8se.com\/noticias\/sergipe\/estudante-que-teve-nota-maxima-em-matematica-no-enem-conquista-2-lugar-em-medicina-na-ufs\/\">A8SE<\/a><\/strong>.com.br<\/p>\n","protected":false},"excerpt":{"rendered":"<p>Nesta ter\u00e7a-feira (22) come\u00e7aram a ser divulgados os resultados do Sistema de Sele\u00e7\u00e3o Unificado, Sisu, que permite aos estudantes ingressarem em universidades de todo o pa\u00eds. Em Sergipe, Filipe Nunes Rezende est\u00e1 entre os destaques, ele conquistou o 2\u00ba lugar geral no curso de medicina na Universidade Federal de Sergipe. Filho de agricultor, Filipe estuda [&hellip;]<\/p>\n","protected":false},"author":6557,"featured_media":0,"comment_status":"closed","ping_status":"closed","sticky":false,"template":"","format":"standard","meta":{"footnotes":""},"categories":[15,6,1],"tags":[35979,764,35978,35980],"class_list":{"0":"post-131719","1":"post","2":"type-post","3":"status-publish","4":"format-standard","6":"category-destaques","7":"category-politica","8":"category-sem-categoria","9":"tag-2o-lugar-em-medicina-na-ufs","10":"tag-enem","11":"tag-filho-de-agricultor","12":"tag-nota-maxima-em-matematica"},"_links":{"self":[{"href":"https:\/\/senoticias.com.br\/se\/wp-json\/wp\/v2\/posts\/131719"}],"collection":[{"href":"https:\/\/senoticias.com.br\/se\/wp-json\/wp\/v2\/posts"}],"about":[{"href":"https:\/\/senoticias.com.br\/se\/wp-json\/wp\/v2\/types\/post"}],"author":[{"embeddable":true,"href":"https:\/\/senoticias.com.br\/se\/wp-json\/wp\/v2\/users\/6557"}],"replies":[{"embeddable":true,"href":"https:\/\/senoticias.com.br\/se\/wp-json\/wp\/v2\/comments?post=131719"}],"version-history":[{"count":0,"href":"https:\/\/senoticias.com.br\/se\/wp-json\/wp\/v2\/posts\/131719\/revisions"}],"wp:attachment":[{"href":"https:\/\/senoticias.com.br\/se\/wp-json\/wp\/v2\/media?parent=131719"}],"wp:term":[{"taxonomy":"category","embeddable":true,"href":"https:\/\/senoticias.com.br\/se\/wp-json\/wp\/v2\/categories?post=131719"},{"taxonomy":"post_tag","embeddable":true,"href":"https:\/\/senoticias.com.br\/se\/wp-json\/wp\/v2\/tags?post=131719"}],"curies":[{"name":"wp","href":"https:\/\/api.w.org\/{rel}","templated":true}]}}