{"id":131715,"date":"2022-02-22T09:25:17","date_gmt":"2022-02-22T12:25:17","guid":{"rendered":"https:\/\/senoticias.com.br\/se\/?p=131715"},"modified":"2022-02-22T09:25:27","modified_gmt":"2022-02-22T12:25:27","slug":"laercio-oliveira-reconhece-papel-fundamental-de-eduardo-amorim-para-construcao-do-sesc-itabaiana","status":"publish","type":"post","link":"https:\/\/senoticias.com.br\/se\/laercio-oliveira-reconhece-papel-fundamental-de-eduardo-amorim-para-construcao-do-sesc-itabaiana\/","title":{"rendered":"La\u00e9rcio Oliveira reconhece papel fundamental de Eduardo Amorim para constru\u00e7\u00e3o do Sesc Itabaiana"},"content":{"rendered":"\n<p>Durante a solenidade de inaugura\u00e7\u00e3o do Sesc em Itabaiana, na sexta-feira (18), o presidente da Fecom\u00e9rcio, o deputado federal La\u00e9rcio Oliveira, destacou a import\u00e2ncia do trabalho do ent\u00e3o senador Eduardo Amorim no Congresso Nacional para que a constru\u00e7\u00e3o da unidade no munic\u00edpio serrano se tornasse realidade, sendo um dos respons\u00e1veis por viabilizar o projeto.<\/p>\n\n\n\n<figure class=\"wp-block-image size-large\"><img loading=\"lazy\" decoding=\"async\" width=\"560\" height=\"374\" src=\"https:\/\/senoticias.com.br\/se\/wp-content\/uploads\/2022\/02\/Laercio-e-Amorim-SE-Noticias.jpg\" alt=\"\" class=\"wp-image-131716\" srcset=\"https:\/\/senoticias.com.br\/se\/wp-content\/uploads\/2022\/02\/Laercio-e-Amorim-SE-Noticias.jpg 560w, https:\/\/senoticias.com.br\/se\/wp-content\/uploads\/2022\/02\/Laercio-e-Amorim-SE-Noticias-300x200.jpg 300w, https:\/\/senoticias.com.br\/se\/wp-content\/uploads\/2022\/02\/Laercio-e-Amorim-SE-Noticias-90x60.jpg 90w, https:\/\/senoticias.com.br\/se\/wp-content\/uploads\/2022\/02\/Laercio-e-Amorim-SE-Noticias-180x120.jpg 180w, https:\/\/senoticias.com.br\/se\/wp-content\/uploads\/2022\/02\/Laercio-e-Amorim-SE-Noticias-95x64.jpg 95w\" sizes=\"(max-width: 560px) 100vw, 560px\" \/><figcaption>Deputado La\u00e9rcio Oliveira, destacou a import\u00e2ncia do trabalho do ent\u00e3o senador Eduardo Amorim no Congresso Nacional &#8211; Foto: ascom\/divulga\u00e7\u00e3o<\/figcaption><\/figure>\n\n\n\n<p>\u201cPor isso, liguei para o senador Eduardo Amorim e disse que ele precisava estar presente na inaugura\u00e7\u00e3o do Sesc de Itabaiana. Eduardo teve uma participa\u00e7\u00e3o fundamental para que os recursos necess\u00e1rios que precisavam vir do Departamento Nacional fossem liberados. Os R$ 20 milh\u00f5es investidos t\u00eam a for\u00e7a do senador Eduardo Amorim, tem o DNA dele. Portanto, por dever de honra, Eduardo Amorim est\u00e1 aqui presente e \u00e9 um dos itabaianenses que contribu\u00edram para que isto acontecesse\u201d, afirmou La\u00e9rcio Oliveira.<\/p>\n\n\n\n<p>O ex-senador Eduardo Amorim ressaltou a satisfa\u00e7\u00e3o de participar da materializa\u00e7\u00e3o do Sesc em Itabaiana. \u201cRaul Seixas, inspirado em Miguel de Cervantes disse que \u2018sonho que se sonha s\u00f3, \u00e9 apenas um sonho; mas sonho que \u00e9 sonhado por muitos facilmente se transforma em realidade\u2019. Este \u00e9 um sonho de muitos itabaianenses e sergipanos e que se tornou realidade para todos da regi\u00e3o Agreste de Sergipe, em especial Itabaiana\u201d, salientou.<\/p>\n\n\n\n<p>\u201cLutei muito enquanto senador e deputado para tornar realidade esta unidade do Sesc. Ajudei na aquisi\u00e7\u00e3o dos recursos e hoje fico feliz de testemunhar a concretiza\u00e7\u00e3o deste sonho. Agrade\u00e7o ao deputado La\u00e9rcio Oliveira pelo reconhecimento p\u00fablico \u00e0 nossa luta em Bras\u00edlia\u201d, complementou Eduardo Amorim.<\/p>\n\n\n\n<p><em><strong>Quer receber as principais not\u00edcias do<\/strong>\u00a0<strong>SE Not\u00edcias<\/strong>\u00a0<strong>no seu<\/strong>\u00a0<strong>WhatsApp?<\/strong>\u00a0<strong><a href=\"https:\/\/api.whatsapp.com\/send?phone=5579991715289\">Clique aqui<\/a><\/strong>.<\/em><\/p>\n\n\n\n<p>Fonte: ascom<\/p>\n","protected":false},"excerpt":{"rendered":"<p>Durante a solenidade de inaugura\u00e7\u00e3o do Sesc em Itabaiana, na sexta-feira (18), o presidente da Fecom\u00e9rcio, o deputado federal La\u00e9rcio Oliveira, destacou a import\u00e2ncia do trabalho do ent\u00e3o senador Eduardo Amorim no Congresso Nacional para que a constru\u00e7\u00e3o da unidade no munic\u00edpio serrano se tornasse realidade, sendo um dos respons\u00e1veis por viabilizar o projeto. \u201cPor [&hellip;]<\/p>\n","protected":false},"author":6557,"featured_media":0,"comment_status":"closed","ping_status":"closed","sticky":false,"template":"","format":"standard","meta":{"footnotes":""},"categories":[15,6],"tags":[35975,696,12125,3718,35974],"class_list":{"0":"post-131715","1":"post","2":"type-post","3":"status-publish","4":"format-standard","6":"category-destaques","7":"category-politica","8":"tag-construcao-do-sesc-itabaiana","9":"tag-eduardo-amorim","10":"tag-eleicoes-2022","11":"tag-laercio-oliveira","12":"tag-sesc-itabaiana"},"_links":{"self":[{"href":"https:\/\/senoticias.com.br\/se\/wp-json\/wp\/v2\/posts\/131715"}],"collection":[{"href":"https:\/\/senoticias.com.br\/se\/wp-json\/wp\/v2\/posts"}],"about":[{"href":"https:\/\/senoticias.com.br\/se\/wp-json\/wp\/v2\/types\/post"}],"author":[{"embeddable":true,"href":"https:\/\/senoticias.com.br\/se\/wp-json\/wp\/v2\/users\/6557"}],"replies":[{"embeddable":true,"href":"https:\/\/senoticias.com.br\/se\/wp-json\/wp\/v2\/comments?post=131715"}],"version-history":[{"count":0,"href":"https:\/\/senoticias.com.br\/se\/wp-json\/wp\/v2\/posts\/131715\/revisions"}],"wp:attachment":[{"href":"https:\/\/senoticias.com.br\/se\/wp-json\/wp\/v2\/media?parent=131715"}],"wp:term":[{"taxonomy":"category","embeddable":true,"href":"https:\/\/senoticias.com.br\/se\/wp-json\/wp\/v2\/categories?post=131715"},{"taxonomy":"post_tag","embeddable":true,"href":"https:\/\/senoticias.com.br\/se\/wp-json\/wp\/v2\/tags?post=131715"}],"curies":[{"name":"wp","href":"https:\/\/api.w.org\/{rel}","templated":true}]}}