{"id":131662,"date":"2022-02-16T16:21:01","date_gmt":"2022-02-16T19:21:01","guid":{"rendered":"https:\/\/senoticias.com.br\/se\/?p=131662"},"modified":"2022-02-16T16:29:30","modified_gmt":"2022-02-16T19:29:30","slug":"policia-civil-investiga-morte-de-menina-de-tres-meses-em-aracaju","status":"publish","type":"post","link":"https:\/\/senoticias.com.br\/se\/policia-civil-investiga-morte-de-menina-de-tres-meses-em-aracaju\/","title":{"rendered":"Pol\u00edcia Civil investiga morte de menina de tr\u00eas meses em Aracaju"},"content":{"rendered":"\n<p>A Pol\u00edcia Civil de Sergipe est\u00e1 investigando a morte de uma menina de tr\u00eas meses, no Conjunto Padre Pedro, Bairro Santa Maria, em Aracaju. O corpo da beb\u00ea foi recolhido por uma equipe do Instituto M\u00e9dico Legal (IML), na manh\u00e3 desta quarta-feira (16). A informa\u00e7\u00e3o foi confirmada pelo delegado M\u00e1rio Leony, que vai conduzir o inqu\u00e9rito.<\/p>\n\n\n\n<figure class=\"wp-block-image size-large\"><img loading=\"lazy\" decoding=\"async\" width=\"576\" height=\"576\" src=\"https:\/\/senoticias.com.br\/se\/wp-content\/uploads\/2022\/02\/Crianca-morta-SE-Noticias.jpg\" alt=\"\" class=\"wp-image-131664\" srcset=\"https:\/\/senoticias.com.br\/se\/wp-content\/uploads\/2022\/02\/Crianca-morta-SE-Noticias.jpg 576w, https:\/\/senoticias.com.br\/se\/wp-content\/uploads\/2022\/02\/Crianca-morta-SE-Noticias-300x300.jpg 300w, https:\/\/senoticias.com.br\/se\/wp-content\/uploads\/2022\/02\/Crianca-morta-SE-Noticias-150x150.jpg 150w\" sizes=\"(max-width: 576px) 100vw, 576px\" \/><figcaption>Beb\u00ea de tr\u00eas meses foi encontrada sem vida &#8211; Foto: arquivo\/fam\u00edlia<\/figcaption><\/figure>\n\n\n\n<p>De acordo com o delegado, em depoimento a m\u00e3e da menina infirmou que ao acordar se deparou com ela morta.<\/p>\n\n\n\n<p>\u201cN\u00e3o havia no corpo da menina les\u00f5es que indicassem morte por viol\u00eancia. A m\u00e3e \u00e9 usu\u00e1ria de drogas e n\u00f3s vamos investigar toda essa situa\u00e7\u00e3o. J\u00e1 pedi v\u00e1rios exames que ser\u00e3o feitos no corpo da beb\u00ea, entre eles, o toxicol\u00f3gico para que seja esclarecido o que de fato provocou a morte da menina\u201d, detalhou o delegado.<\/p>\n\n\n\n<p>O pai e m\u00e3e da beb\u00ea est\u00e3o sendo ouvidos por equipes do Departamento de Homic\u00eddios e Prote\u00e7\u00e3o \u00e0 Pessoa (DHPP).<\/p>\n\n\n\n<p><em><strong>Quer receber as principais not\u00edcias do<\/strong>\u00a0<strong>SE Not\u00edcias<\/strong>\u00a0<strong>no seu<\/strong>\u00a0<strong>WhatsApp?<\/strong>\u00a0<strong><a href=\"https:\/\/api.whatsapp.com\/send?phone=5579991715289\">Clique aqui<\/a><\/strong>.<\/em><\/p>\n\n\n\n<p>Fonte: SSP\/SE e G1SE<\/p>\n","protected":false},"excerpt":{"rendered":"<p>A Pol\u00edcia Civil de Sergipe est\u00e1 investigando a morte de uma menina de tr\u00eas meses, no Conjunto Padre Pedro, Bairro Santa Maria, em Aracaju. O corpo da beb\u00ea foi recolhido por uma equipe do Instituto M\u00e9dico Legal (IML), na manh\u00e3 desta quarta-feira (16). A informa\u00e7\u00e3o foi confirmada pelo delegado M\u00e1rio Leony, que vai conduzir o [&hellip;]<\/p>\n","protected":false},"author":6557,"featured_media":0,"comment_status":"closed","ping_status":"closed","sticky":false,"template":"","format":"standard","meta":{"footnotes":""},"categories":[15,7,1],"tags":[35958,35957,78,324],"class_list":{"0":"post-131662","1":"post","2":"type-post","3":"status-publish","4":"format-standard","6":"category-destaques","7":"category-policia","8":"category-sem-categoria","9":"tag-bebe-de-dois-meses-e-encontrada-sem-vida","10":"tag-crianca-de-tres-meses","11":"tag-policia-civil","12":"tag-santa-maria"},"_links":{"self":[{"href":"https:\/\/senoticias.com.br\/se\/wp-json\/wp\/v2\/posts\/131662"}],"collection":[{"href":"https:\/\/senoticias.com.br\/se\/wp-json\/wp\/v2\/posts"}],"about":[{"href":"https:\/\/senoticias.com.br\/se\/wp-json\/wp\/v2\/types\/post"}],"author":[{"embeddable":true,"href":"https:\/\/senoticias.com.br\/se\/wp-json\/wp\/v2\/users\/6557"}],"replies":[{"embeddable":true,"href":"https:\/\/senoticias.com.br\/se\/wp-json\/wp\/v2\/comments?post=131662"}],"version-history":[{"count":0,"href":"https:\/\/senoticias.com.br\/se\/wp-json\/wp\/v2\/posts\/131662\/revisions"}],"wp:attachment":[{"href":"https:\/\/senoticias.com.br\/se\/wp-json\/wp\/v2\/media?parent=131662"}],"wp:term":[{"taxonomy":"category","embeddable":true,"href":"https:\/\/senoticias.com.br\/se\/wp-json\/wp\/v2\/categories?post=131662"},{"taxonomy":"post_tag","embeddable":true,"href":"https:\/\/senoticias.com.br\/se\/wp-json\/wp\/v2\/tags?post=131662"}],"curies":[{"name":"wp","href":"https:\/\/api.w.org\/{rel}","templated":true}]}}