{"id":131654,"date":"2022-02-16T11:50:24","date_gmt":"2022-02-16T14:50:24","guid":{"rendered":"https:\/\/senoticias.com.br\/se\/?p=131654"},"modified":"2022-02-16T12:14:46","modified_gmt":"2022-02-16T15:14:46","slug":"estudante-sergipano-conquista-maior-nota-do-pais-em-matematica-no-enem-2021","status":"publish","type":"post","link":"https:\/\/senoticias.com.br\/se\/estudante-sergipano-conquista-maior-nota-do-pais-em-matematica-no-enem-2021\/","title":{"rendered":"Estudante sergipano conquista maior nota do pa\u00eds em matem\u00e1tica no Enem 2021"},"content":{"rendered":"\n<p><\/p>\n\n\n\n<p>Filipe Nunes tem apenas 17 anos e j\u00e1 leva para trajet\u00f3ria um reconhecimento grande: foi o \u00fanico estudante do pa\u00eds a acertar todas as quest\u00f5es de matem\u00e1tica do Exame Nacional do Ensino M\u00e9dio (Enem) 2021. Aluno do Col\u00e9gio Estadual Professor Nestor Carvalho Lima, em Itabaiana, ele alcan\u00e7ou a nota 953.1, m\u00e9dia m\u00e1xima da edi\u00e7\u00e3o.<\/p>\n\n\n\n<figure class=\"wp-block-image size-large\"><img loading=\"lazy\" decoding=\"async\" width=\"589\" height=\"392\" src=\"https:\/\/senoticias.com.br\/se\/wp-content\/uploads\/2022\/02\/Estudante-sergipano-se-noticias.jpg\" alt=\"\" class=\"wp-image-131655\" srcset=\"https:\/\/senoticias.com.br\/se\/wp-content\/uploads\/2022\/02\/Estudante-sergipano-se-noticias.jpg 589w, https:\/\/senoticias.com.br\/se\/wp-content\/uploads\/2022\/02\/Estudante-sergipano-se-noticias-300x200.jpg 300w, https:\/\/senoticias.com.br\/se\/wp-content\/uploads\/2022\/02\/Estudante-sergipano-se-noticias-90x60.jpg 90w, https:\/\/senoticias.com.br\/se\/wp-content\/uploads\/2022\/02\/Estudante-sergipano-se-noticias-180x120.jpg 180w, https:\/\/senoticias.com.br\/se\/wp-content\/uploads\/2022\/02\/Estudante-sergipano-se-noticias-95x64.jpg 95w\" sizes=\"(max-width: 589px) 100vw, 589px\" \/><figcaption>Filipe Nunes tem apenas 17 anos\u00a0&#8211; Foto: arquivo\/divulga\u00e7\u00e3o<\/figcaption><\/figure>\n\n\n\n<p>O discente foi o \u00fanico estudante da rede p\u00fablica de ensino de todo o Brasil a gabaritar as 44 quest\u00f5es v\u00e1lidas da prova de matem\u00e1tica. Fruto de muito esfor\u00e7o.<\/p>\n\n\n\n<p>&#8220;Eu estudava pela manh\u00e3 em um pr\u00e9-vestibular, pela tarde eu fazia o terceiro ano do ensino m\u00e9dio em um col\u00e9gio estadual, col\u00e9gio professor Nestor Carvalho Lima, e durante a noite eu estudava por conta pr\u00f3pria&#8221;, detalha.<\/p>\n\n\n\n<p>A rotina n\u00e3o se encerra por a\u00ed. Aos s\u00e1bados e domingos, os estudos continuavam. &#8220;Nos fins de semana eu estudava tanto no pr\u00e9-vestibular, quanto por conta pr\u00f3pria, principalmente fazendo quest\u00f5es de provas anteriores e simulados&#8221;, conta.<\/p>\n\n\n\n<p>Filipe deseja cursar medicina na Universidade Federal de Sergipe. Agora, ap\u00f3s ganhar destaque, fica feliz pelo reconhecimento. &#8220;De certa forma, eu n\u00e3o esperava esse resultado, pois nunca havia gabaritado nenhuma edi\u00e7\u00e3o anterior, nem simulados, por isso foi uma surpresa para mim. Me sinto muito feliz por todo esse reconhecimento e por trazer essa nota para Itabaiana e para Sergipe, al\u00e9m do sentimento de dever cumprido como estudante e vestibulando&#8221;, finaliza.<\/p>\n\n\n\n<p><em><strong>Quer receber as principais not\u00edcias do<\/strong>\u00a0<strong>SE Not\u00edcias<\/strong>\u00a0<strong>no seu<\/strong>\u00a0<strong>WhatsApp?<\/strong>\u00a0<strong><a href=\"https:\/\/api.whatsapp.com\/send?phone=5579991715289\">Clique aqui<\/a><\/strong>.<\/em><\/p>\n\n\n\n<p>Fonte:<a href=\"https:\/\/a8se.com\/noticias\/sergipe\/enem-2021-sergipano-conquista-maior-nota-do-pais-em-matematica\/\"> A8SE<\/a><\/p>\n","protected":false},"excerpt":{"rendered":"<p>Filipe Nunes tem apenas 17 anos e j\u00e1 leva para trajet\u00f3ria um reconhecimento grande: foi o \u00fanico estudante do pa\u00eds a acertar todas as quest\u00f5es de matem\u00e1tica do Exame Nacional do Ensino M\u00e9dio (Enem) 2021. Aluno do Col\u00e9gio Estadual Professor Nestor Carvalho Lima, em Itabaiana, ele alcan\u00e7ou a nota 953.1, m\u00e9dia m\u00e1xima da edi\u00e7\u00e3o. O [&hellip;]<\/p>\n","protected":false},"author":6557,"featured_media":0,"comment_status":"closed","ping_status":"closed","sticky":false,"template":"","format":"standard","meta":{"footnotes":""},"categories":[15,38,1],"tags":[764,16239,35954,35955],"class_list":{"0":"post-131654","1":"post","2":"type-post","3":"status-publish","4":"format-standard","6":"category-destaques","7":"category-municipios","8":"category-sem-categoria","9":"tag-enem","10":"tag-enem-2021","11":"tag-estudante-de-matematica","12":"tag-maior-nota-do-pais"},"_links":{"self":[{"href":"https:\/\/senoticias.com.br\/se\/wp-json\/wp\/v2\/posts\/131654"}],"collection":[{"href":"https:\/\/senoticias.com.br\/se\/wp-json\/wp\/v2\/posts"}],"about":[{"href":"https:\/\/senoticias.com.br\/se\/wp-json\/wp\/v2\/types\/post"}],"author":[{"embeddable":true,"href":"https:\/\/senoticias.com.br\/se\/wp-json\/wp\/v2\/users\/6557"}],"replies":[{"embeddable":true,"href":"https:\/\/senoticias.com.br\/se\/wp-json\/wp\/v2\/comments?post=131654"}],"version-history":[{"count":0,"href":"https:\/\/senoticias.com.br\/se\/wp-json\/wp\/v2\/posts\/131654\/revisions"}],"wp:attachment":[{"href":"https:\/\/senoticias.com.br\/se\/wp-json\/wp\/v2\/media?parent=131654"}],"wp:term":[{"taxonomy":"category","embeddable":true,"href":"https:\/\/senoticias.com.br\/se\/wp-json\/wp\/v2\/categories?post=131654"},{"taxonomy":"post_tag","embeddable":true,"href":"https:\/\/senoticias.com.br\/se\/wp-json\/wp\/v2\/tags?post=131654"}],"curies":[{"name":"wp","href":"https:\/\/api.w.org\/{rel}","templated":true}]}}