{"id":131653,"date":"2022-02-16T08:52:09","date_gmt":"2022-02-16T11:52:09","guid":{"rendered":"https:\/\/senoticias.com.br\/se\/?p=131653"},"modified":"2022-02-16T08:54:18","modified_gmt":"2022-02-16T11:54:18","slug":"senar-sergipe-prorroga-inscricoes-dos-cursos-profissionalizantes","status":"publish","type":"post","link":"https:\/\/senoticias.com.br\/se\/senar-sergipe-prorroga-inscricoes-dos-cursos-profissionalizantes\/","title":{"rendered":"Senar Sergipe prorroga inscri\u00e7\u00f5es dos cursos profissionalizantes"},"content":{"rendered":"\n<p>Com a alta demanda, o setor agropecu\u00e1rio procura jovens capacitados, s\u00e3o m\u00e1quinas e equipamentos modernos nas planta\u00e7\u00f5es, que exigem m\u00e3o de obra qualificada.<\/p>\n\n\n\n<figure class=\"wp-block-image size-large\"><img loading=\"lazy\" decoding=\"async\" width=\"552\" height=\"370\" src=\"https:\/\/senoticias.com.br\/se\/wp-content\/uploads\/2021\/12\/Cursos-Senar-SE-Noticias.jpg\" alt=\"\" class=\"wp-image-130777\" srcset=\"https:\/\/senoticias.com.br\/se\/wp-content\/uploads\/2021\/12\/Cursos-Senar-SE-Noticias.jpg 552w, https:\/\/senoticias.com.br\/se\/wp-content\/uploads\/2021\/12\/Cursos-Senar-SE-Noticias-300x201.jpg 300w, https:\/\/senoticias.com.br\/se\/wp-content\/uploads\/2021\/12\/Cursos-Senar-SE-Noticias-90x60.jpg 90w, https:\/\/senoticias.com.br\/se\/wp-content\/uploads\/2021\/12\/Cursos-Senar-SE-Noticias-180x120.jpg 180w, https:\/\/senoticias.com.br\/se\/wp-content\/uploads\/2021\/12\/Cursos-Senar-SE-Noticias-95x64.jpg 95w\" sizes=\"(max-width: 552px) 100vw, 552px\" \/><figcaption> O setor agropecu\u00e1rio procura jovens capacitados e o Senar garante a profissionaliza\u00e7\u00e3o desse p\u00fablico com cursos gratuitos &#8211; Foto: ascom\/Senar<\/figcaption><\/figure>\n\n\n\n<p>Segundo a Confedera\u00e7\u00e3o da Agricultura e Pecu\u00e1ria de Sergipe (CNA), em 2020 foram gerados 36,6 mil novos empregos no Brasil, j\u00e1 no ano passado, o setor gerou 140,9 mil novos postos de trabalhos, o saldo de 2021 \u00e9 quase quatro vezes maior do que o de 2020. A agropecu\u00e1ria contribuiu com 5,2% do total de vagas no Brasil (2,7 milh\u00f5es).<\/p>\n\n\n\n<p>\u201cAs propriedades rurais s\u00e3o empresas e o setor agropecu\u00e1rio est\u00e1 dando oportunidade para os jovens, o Senar Sergipe faz o papel de qualificar essa m\u00e3o de obra e transformar o homem e a mulher do campo\u201d, explica o presidente do Sistema Faese\/Senar, Ivan Sobral.<\/p>\n\n\n\n<p>O crescimento do agro est\u00e1 aliado a tecnologia e inova\u00e7\u00e3o, mas exige essa capacita\u00e7\u00e3o, para isso o Servi\u00e7o Nacional de Aprendizagem Rural em Sergipe (Senar\/SE) est\u00e1 com inscri\u00e7\u00f5es abertas para os cursos gratuitos em diversas \u00e1reas,&nbsp;<strong>at\u00e9 o dia 18 de fevereiro<\/strong>.<\/p>\n\n\n\n<p>S\u00e3o 270 vagas para o programa Senar Jovem nas cadeias de&nbsp;<strong>Bovinocultura de Corte, Gest\u00e3o e Administra\u00e7\u00e3o Rural, Equideocultura, Fruticultura, Bovinocultura de Leite, Aquicultura, M\u00e1quinas e Implementos Agr\u00edcolas, Avicultura e Gr\u00e3os.&nbsp;<\/strong>Um total de 30 vagas para cada cadeia.<\/p>\n\n\n\n<p><strong>Senar Jovem<\/strong><\/p>\n\n\n\n<p>O Senar Jovem tem como principal objetivo qualificar a m\u00e3o de obra dos jovens de 16 a 30 anos agricultores, filhos de trabalhadores rurais e pessoas interessadas em trabalhar no Agro, formando profissionais habilitados nas principais \u00e1reas do setor agropecu\u00e1rio, como assistente agropecu\u00e1rio, possibilitando que atuem como empreendedores em sua propriedade ou na gest\u00e3o das fazendas de terceiros.<\/p>\n\n\n\n<p>O curso ser\u00e1 ministrado na modalidade h\u00edbrida (remota e presencial), com carga hor\u00e1ria de 400 horas e dura\u00e7\u00e3o prevista de 9 meses, aulas te\u00f3ricas on-line em dois dias na semana no per\u00edodo noturno com dura\u00e7\u00e3o de 3 horas, al\u00e9m das aulas aos s\u00e1bados em fazendas, onde aprendem na pr\u00e1tica o conte\u00fado te\u00f3rico.<\/p>\n\n\n\n<p><strong>Inscri\u00e7\u00f5es<\/strong><\/p>\n\n\n\n<p>As inscri\u00e7\u00f5es para o processo seletivo s\u00e3o gratuitas e realizadas de forma On-line, atrav\u00e9s do formul\u00e1rio no Google Forms, al\u00e9m do upload da documenta\u00e7\u00e3o exigida no edital, de acordo com o tipo de p\u00fablico, atrav\u00e9s do link:&nbsp;<a href=\"https:\/\/bit.ly\/33pRs0c\" target=\"_blank\" rel=\"noreferrer noopener\">https:\/\/bit.ly\/33pRs0c<\/a><\/p>\n\n\n\n<p>Para a execu\u00e7\u00e3o do Senar Jovem uma parceria \u00e9 firmada atrav\u00e9s de Termo de Coopera\u00e7\u00e3o T\u00e9cnica, com as prefeituras e sindicatos rurais, este ano os polos de apoio est\u00e3o localizados nos munic\u00edpios de:<\/p>\n\n\n\n<p>Nossa Senhora das Dores (Bovinocultura de Corte)<\/p>\n\n\n\n<p>Aracaju (Gest\u00e3o e administra\u00e7\u00e3o rural e Aquicultura)<\/p>\n\n\n\n<p>Lagarto (Equideocultura) e Itabaianinha (Fruticultura)<\/p>\n\n\n\n<p>Itabaiana (M\u00e1quinas e Implementos Agr\u00edcolas)<\/p>\n\n\n\n<p>Itaporanga D\u2019Ajuda (Avicultura)<\/p>\n\n\n\n<p>Carira (Gr\u00e3os)<\/p>\n\n\n\n<p>Nossa Senhora da Gl\u00f3ria (Bovinocultura de Leite)<\/p>\n","protected":false},"excerpt":{"rendered":"<p>Com a alta demanda, o setor agropecu\u00e1rio procura jovens capacitados, s\u00e3o m\u00e1quinas e equipamentos modernos nas planta\u00e7\u00f5es, que exigem m\u00e3o de obra qualificada. Segundo a Confedera\u00e7\u00e3o da Agricultura e Pecu\u00e1ria de Sergipe (CNA), em 2020 foram gerados 36,6 mil novos empregos no Brasil, j\u00e1 no ano passado, o setor gerou 140,9 mil novos postos de [&hellip;]<\/p>\n","protected":false},"author":6557,"featured_media":0,"comment_status":"closed","ping_status":"closed","sticky":false,"template":"","format":"standard","meta":{"footnotes":""},"categories":[15,38,1],"tags":[35953,35822,5170],"class_list":{"0":"post-131653","1":"post","2":"type-post","3":"status-publish","4":"format-standard","6":"category-destaques","7":"category-municipios","8":"category-sem-categoria","9":"tag-cursos-senar","10":"tag-senar-jovem","11":"tag-senar-sergipe"},"_links":{"self":[{"href":"https:\/\/senoticias.com.br\/se\/wp-json\/wp\/v2\/posts\/131653"}],"collection":[{"href":"https:\/\/senoticias.com.br\/se\/wp-json\/wp\/v2\/posts"}],"about":[{"href":"https:\/\/senoticias.com.br\/se\/wp-json\/wp\/v2\/types\/post"}],"author":[{"embeddable":true,"href":"https:\/\/senoticias.com.br\/se\/wp-json\/wp\/v2\/users\/6557"}],"replies":[{"embeddable":true,"href":"https:\/\/senoticias.com.br\/se\/wp-json\/wp\/v2\/comments?post=131653"}],"version-history":[{"count":0,"href":"https:\/\/senoticias.com.br\/se\/wp-json\/wp\/v2\/posts\/131653\/revisions"}],"wp:attachment":[{"href":"https:\/\/senoticias.com.br\/se\/wp-json\/wp\/v2\/media?parent=131653"}],"wp:term":[{"taxonomy":"category","embeddable":true,"href":"https:\/\/senoticias.com.br\/se\/wp-json\/wp\/v2\/categories?post=131653"},{"taxonomy":"post_tag","embeddable":true,"href":"https:\/\/senoticias.com.br\/se\/wp-json\/wp\/v2\/tags?post=131653"}],"curies":[{"name":"wp","href":"https:\/\/api.w.org\/{rel}","templated":true}]}}