{"id":131650,"date":"2022-02-15T21:35:47","date_gmt":"2022-02-16T00:35:47","guid":{"rendered":"https:\/\/senoticias.com.br\/se\/?p=131650"},"modified":"2022-02-15T21:35:53","modified_gmt":"2022-02-16T00:35:53","slug":"sergipe-registra-576-novos-casos-de-covid-19-e-seis-obitos-nesta-terca","status":"publish","type":"post","link":"https:\/\/senoticias.com.br\/se\/sergipe-registra-576-novos-casos-de-covid-19-e-seis-obitos-nesta-terca\/","title":{"rendered":"Sergipe registra 576 novos casos de Covid-19 e seis \u00f3bitos nesta ter\u00e7a"},"content":{"rendered":"\n<p>A Secretaria de Estado da Sa\u00fade, atrav\u00e9s do boletim epidemiol\u00f3gico, informa que nesta ter\u00e7a (15), foram registrados 576 casos novos de Covid-19 e seis \u00f3bitos. No total, 316.015 pessoas testaram positivo para a doen\u00e7a e 6.185 morreram.<\/p>\n\n\n\n<figure class=\"wp-block-image size-large\"><img loading=\"lazy\" decoding=\"async\" width=\"1024\" height=\"1024\" src=\"https:\/\/senoticias.com.br\/se\/wp-content\/uploads\/2022\/02\/boletim-covid-1024x1024.jpeg\" alt=\"\" class=\"wp-image-131651\"\/><figcaption>576 novos casos de Covid-19 e seis \u00f3bitos nesta ter\u00e7a<\/figcaption><\/figure>\n\n\n\n<p>Os seis \u00f3bitos confirmados foram: um homem, 80 anos, de Boquim, com diabetes e hipertens\u00e3o; um homem, 91 anos, de Santa Luzia do Itanhi, sem comorbidade; uma mulher, 85 anos, de Pacatuba, sem comorbidade; uma mulher, 89 anos, de Boquim, sem comorbidade; um homem, 80 anos, de Aracaju, ex-tabagista; um homem, 75 anos, de S\u00e3o Crist\u00f3v\u00e3o, sem comorbidade.<\/p>\n\n\n\n<p>As \u00faltimas informa\u00e7\u00f5es sobre UTIs e enfermarias nas unidades de sa\u00fade de Sergipe apontam que est\u00e3o internados no momento 155 pacientes. S\u00e3o 67 na rede p\u00fablica e 88 na rede privada.<\/p>\n\n\n\n<p><strong>Vacina\u00e7\u00e3o<\/strong><\/p>\n\n\n\n<p>Foram enviadas aos munic\u00edpios 4.419.751 doses. Destas, 1.859.371 foram aplicadas como primeira dose; 1.594.038 como segunda dose; 40.125 como dose \u00fanica e 572.623 como dose de refor\u00e7o. A cobertura vacinal de primeira dose est\u00e1 em 81,92% e 70,47% est\u00e3o com a imuniza\u00e7\u00e3o completa.<\/p>\n\n\n\n<p><em><strong>Quer receber as principais not\u00edcias do<\/strong>\u00a0<strong>SE Not\u00edcias<\/strong>\u00a0<strong>no seu<\/strong>\u00a0<strong>WhatsApp?<\/strong>\u00a0<strong><a href=\"https:\/\/api.whatsapp.com\/send?phone=5579991715289\">Clique aqui<\/a><\/strong>.<\/em><\/p>\n\n\n\n<p>Fonte: Secretaria de Estado da sa\u00fade <\/p>\n","protected":false},"excerpt":{"rendered":"<p>A Secretaria de Estado da Sa\u00fade, atrav\u00e9s do boletim epidemiol\u00f3gico, informa que nesta ter\u00e7a (15), foram registrados 576 casos novos de Covid-19 e seis \u00f3bitos. No total, 316.015 pessoas testaram positivo para a doen\u00e7a e 6.185 morreram. Os seis \u00f3bitos confirmados foram: um homem, 80 anos, de Boquim, com diabetes e hipertens\u00e3o; um homem, 91 [&hellip;]<\/p>\n","protected":false},"author":6557,"featured_media":0,"comment_status":"closed","ping_status":"closed","sticky":false,"template":"","format":"standard","meta":{"footnotes":""},"categories":[15,20],"tags":[14865,16233,14369],"class_list":{"0":"post-131650","1":"post","2":"type-post","3":"status-publish","4":"format-standard","6":"category-destaques","7":"category-saude","8":"tag-boletim-covid19","9":"tag-covid-19-2","10":"tag-pandemia"},"_links":{"self":[{"href":"https:\/\/senoticias.com.br\/se\/wp-json\/wp\/v2\/posts\/131650"}],"collection":[{"href":"https:\/\/senoticias.com.br\/se\/wp-json\/wp\/v2\/posts"}],"about":[{"href":"https:\/\/senoticias.com.br\/se\/wp-json\/wp\/v2\/types\/post"}],"author":[{"embeddable":true,"href":"https:\/\/senoticias.com.br\/se\/wp-json\/wp\/v2\/users\/6557"}],"replies":[{"embeddable":true,"href":"https:\/\/senoticias.com.br\/se\/wp-json\/wp\/v2\/comments?post=131650"}],"version-history":[{"count":0,"href":"https:\/\/senoticias.com.br\/se\/wp-json\/wp\/v2\/posts\/131650\/revisions"}],"wp:attachment":[{"href":"https:\/\/senoticias.com.br\/se\/wp-json\/wp\/v2\/media?parent=131650"}],"wp:term":[{"taxonomy":"category","embeddable":true,"href":"https:\/\/senoticias.com.br\/se\/wp-json\/wp\/v2\/categories?post=131650"},{"taxonomy":"post_tag","embeddable":true,"href":"https:\/\/senoticias.com.br\/se\/wp-json\/wp\/v2\/tags?post=131650"}],"curies":[{"name":"wp","href":"https:\/\/api.w.org\/{rel}","templated":true}]}}