{"id":131575,"date":"2022-02-08T20:09:25","date_gmt":"2022-02-08T23:09:25","guid":{"rendered":"https:\/\/senoticias.com.br\/se\/?p=131575"},"modified":"2022-02-08T20:21:45","modified_gmt":"2022-02-08T23:21:45","slug":"uma-em-cada-dez-criancas-de-ate-5-anos-esta-acima-do-peso-no-brasil","status":"publish","type":"post","link":"https:\/\/senoticias.com.br\/se\/uma-em-cada-dez-criancas-de-ate-5-anos-esta-acima-do-peso-no-brasil\/","title":{"rendered":"Uma em cada dez crian\u00e7as de at\u00e9 5 anos est\u00e1 acima do peso no Brasil"},"content":{"rendered":"\n<p><\/p>\n\n\n\n<p>Uma em cada dez crian\u00e7as brasileiras de<strong> at\u00e9 5 anos est\u00e1 acima do peso<\/strong>. O excesso de peso tamb\u00e9m foi registrado em mais da metade das m\u00e3es com filhos nessa faixa et\u00e1ria: 58,5%. Os dados s\u00e3o do Estudo Nacional de Alimenta\u00e7\u00e3o e Nutri\u00e7\u00e3o Infantil (Enani-2019).<\/p>\n\n\n\n<figure class=\"wp-block-image size-large\"><img loading=\"lazy\" decoding=\"async\" width=\"574\" height=\"343\" src=\"https:\/\/senoticias.com.br\/se\/wp-content\/uploads\/2022\/02\/Ministerio-da-Saude-SE-noticias.jpg\" alt=\"\" class=\"wp-image-131577\" srcset=\"https:\/\/senoticias.com.br\/se\/wp-content\/uploads\/2022\/02\/Ministerio-da-Saude-SE-noticias.jpg 574w, https:\/\/senoticias.com.br\/se\/wp-content\/uploads\/2022\/02\/Ministerio-da-Saude-SE-noticias-300x179.jpg 300w\" sizes=\"(max-width: 574px) 100vw, 574px\" \/><figcaption>Mais da metade das m\u00e3es deste grupo tamb\u00e9m est\u00e3o em sobrepeso &#8211; Foto: Marcello Casal<\/figcaption><\/figure>\n\n\n\n<p>Encomendada pelo Minist\u00e9rio da Sa\u00fade, a pesquisa avaliou 14.558 crian\u00e7as e 12.155 m\u00e3es biol\u00f3gicas em 12.524 domic\u00edlios brasileiros, em 123 munic\u00edpios dos 26 estados e do Distrito Federal, entre fevereiro de 2019 e mar\u00e7o de 2020.<\/p>\n\n\n\n<p>Segundo os pesquisadores, o excesso de peso prejudica o crescimento e o desenvolvimento infantil e pode gerar doen\u00e7as cr\u00f4nicas graves ao longo da vida, como problemas cardiovasculares, diabetes, hipertens\u00e3o e at\u00e9 c\u00e2ncer.<\/p>\n\n\n\n<p>\u201cChamamos de excesso de peso a combina\u00e7\u00e3o de sobrepeso e obesidade. Entre as crian\u00e7as brasileiras menores de cinco anos, 7% apresentam sobrepeso e 3%, obesidade. Entre as m\u00e3es biol\u00f3gicas de filhos nessa faixa et\u00e1ria, o sobrepeso aparece em 32,2% dos casos e a obesidade em 26,3%\u201d, explicou, em nota, o coordenador do Enani-2019, Gilberto Kac, professor titular do Instituto de Nutri\u00e7\u00e3o Josu\u00e9 de Castro, da Universidade Federal do Rio de Janeiro (INJC\/UFRJ).<\/p>\n\n\n\n<p>O Enani-2019 mostra, tamb\u00e9m, que quase um quinto das crian\u00e7as brasileiras de at\u00e9 cinco anos (18,6%) est\u00e3o em uma faixa de risco de sobrepeso.<\/p>\n\n\n\n<p>\u201cS\u00e3o crian\u00e7as que precisam ser monitoradas de perto, porque a curva do ganho de peso para a idade j\u00e1 est\u00e1 superior ao recomendado pelo Minist\u00e9rio da Sa\u00fade e pela Organiza\u00e7\u00e3o Mundial da Sa\u00fade (OMS). Nesse est\u00e1gio, ainda \u00e9 poss\u00edvel intervir e melhorar o estado de sa\u00fade, evitando consequ\u00eancias de curto, m\u00e9dio e longo prazo\u201d, acrescentou Kac.<\/p>\n\n\n\n<p>O coordenador do Enani-2019 ressaltou que os resultados trazem evid\u00eancias cient\u00edficas atualizadas para a defini\u00e7\u00e3o de pol\u00edticas p\u00fablicas de sa\u00fade.<\/p>\n\n\n\n<p>\u201cAt\u00e9 ent\u00e3o, os dados mais recentes sobre o estado nutricional antropom\u00e9trico de m\u00e3es e filhos de at\u00e9 5 anos eram de 2006. De l\u00e1 para c\u00e1, o cen\u00e1rio mudou bastante. A preval\u00eancia de excesso de peso em crian\u00e7as nessa faixa et\u00e1ria aumentou de 6,6%, em 2006, para 10%, em 2019. Entre as m\u00e3es, o aumento foi de 43% para 58,6% no mesmo per\u00edodo\u201d, afirmou.<\/p>\n\n\n\n<p><strong>Estatura<\/strong><br><br>Um dado chamou aten\u00e7\u00e3o dos pesquisadores do Enani-2019: 7% das crian\u00e7as brasileiras de at\u00e9 5 anos apresentam baixa estatura para a idade.<\/p>\n\n\n\n<p>\u201cA baixa altura para a idade mostra que essas crian\u00e7as sofreram restri\u00e7\u00f5es que prejudicaram o seu crescimento e o seu desenvolvimento. Esse quadro pode ser decorrente de infec\u00e7\u00f5es recorrentes e est\u00e1 relacionado ao baixo consumo de nutrientes, possivelmente associado \u00e0 inseguran\u00e7a alimentar. A preval\u00eancia do indicador diminui conforme a faixa et\u00e1ria das crian\u00e7as aumenta, o que sugere que a situa\u00e7\u00e3o vem se agravando nos \u00faltimos anos\u201d, explicou Kac.<\/p>\n\n\n\n<p>De acordo com o estudo, a preval\u00eancia de baixa altura para a idade \u00e9 de 9% entre beb\u00eas de at\u00e9 11 meses e de 10,2% entre os de 12 a 23 meses. A frequ\u00eancia do problema \u00e9 menor em crian\u00e7as que nasceram at\u00e9 2016: 6,5% na faixa et\u00e1ria de 2 a 3 anos, 5,8% entre 3 e 4 anos e 3,4% entre 4 e 5 anos.<\/p>\n\n\n\n<p><strong>Enani-2019<\/strong><br><br>O Enani-2019 foi encomendado pelo Minist\u00e9rio da Sa\u00fade e coordenado pela Universidade Federal do Rio de Janeiro (UFRJ). O projeto tem parceria com a Funda\u00e7\u00e3o Oswaldo Cruz (Fiocruz), a Universidade do Estado do Rio de Janeiro (Uerj) e a Universidade Federal Fluminense (UFF), sob financiamento da Coordena\u00e7\u00e3o-Geral de Alimenta\u00e7\u00e3o e Nutri\u00e7\u00e3o do Minist\u00e9rio da Sa\u00fade e do Conselho Nacional de Desenvolvimento Cient\u00edfico e Tecnol\u00f3gico (CNPq).<\/p>\n\n\n\n<p>Segundo a UFRJ, \u00e9 a primeira pesquisa com representatividade nacional a avaliar, simultaneamente, em crian\u00e7as menores de cinco anos, pr\u00e1ticas de aleitamento materno, alimenta\u00e7\u00e3o complementar e consumo alimentar individual, estado nutricional antropom\u00e9trico e defici\u00eancias de micronutrientes, incluindo as defici\u00eancias de ferro e vitamina A.<\/p>\n\n\n\n<p><em><strong>Quer receber as principais not\u00edcias do<\/strong>\u00a0<strong>SE Not\u00edcias<\/strong>\u00a0<strong>no seu<\/strong>\u00a0<strong>WhatsApp?<\/strong>\u00a0<strong><a href=\"https:\/\/api.whatsapp.com\/send?phone=5579991715289\">Clique aqui<\/a><\/strong><\/em><\/p>\n\n\n\n<p>Fonte: Ag\u00eancia Brasil<\/p>\n","protected":false},"excerpt":{"rendered":"<p>Uma em cada dez crian\u00e7as brasileiras de at\u00e9 5 anos est\u00e1 acima do peso. O excesso de peso tamb\u00e9m foi registrado em mais da metade das m\u00e3es com filhos nessa faixa et\u00e1ria: 58,5%. Os dados s\u00e3o do Estudo Nacional de Alimenta\u00e7\u00e3o e Nutri\u00e7\u00e3o Infantil (Enani-2019). Encomendada pelo Minist\u00e9rio da Sa\u00fade, a pesquisa avaliou 14.558 crian\u00e7as [&hellip;]<\/p>\n","protected":false},"author":6557,"featured_media":0,"comment_status":"closed","ping_status":"closed","sticky":false,"template":"","format":"standard","meta":{"footnotes":""},"categories":[15,2961,1],"tags":[35904,35905],"class_list":{"0":"post-131575","1":"post","2":"type-post","3":"status-publish","4":"format-standard","6":"category-destaques","7":"category-nacional","8":"category-sem-categoria","9":"tag-criancas-cima-do-peso","10":"tag-criancas-de-ate-5-anos"},"_links":{"self":[{"href":"https:\/\/senoticias.com.br\/se\/wp-json\/wp\/v2\/posts\/131575"}],"collection":[{"href":"https:\/\/senoticias.com.br\/se\/wp-json\/wp\/v2\/posts"}],"about":[{"href":"https:\/\/senoticias.com.br\/se\/wp-json\/wp\/v2\/types\/post"}],"author":[{"embeddable":true,"href":"https:\/\/senoticias.com.br\/se\/wp-json\/wp\/v2\/users\/6557"}],"replies":[{"embeddable":true,"href":"https:\/\/senoticias.com.br\/se\/wp-json\/wp\/v2\/comments?post=131575"}],"version-history":[{"count":0,"href":"https:\/\/senoticias.com.br\/se\/wp-json\/wp\/v2\/posts\/131575\/revisions"}],"wp:attachment":[{"href":"https:\/\/senoticias.com.br\/se\/wp-json\/wp\/v2\/media?parent=131575"}],"wp:term":[{"taxonomy":"category","embeddable":true,"href":"https:\/\/senoticias.com.br\/se\/wp-json\/wp\/v2\/categories?post=131575"},{"taxonomy":"post_tag","embeddable":true,"href":"https:\/\/senoticias.com.br\/se\/wp-json\/wp\/v2\/tags?post=131575"}],"curies":[{"name":"wp","href":"https:\/\/api.w.org\/{rel}","templated":true}]}}