{"id":131573,"date":"2022-02-08T18:08:32","date_gmt":"2022-02-08T21:08:32","guid":{"rendered":"https:\/\/senoticias.com.br\/se\/?p=131573"},"modified":"2022-02-08T18:31:32","modified_gmt":"2022-02-08T21:31:32","slug":"defesa-alega-insanidade-mental-e-consegue-transferencia-do-homem-que-esfaqueou-a-ex-companheira-em-sao-cristovao-para-unidade-de-custodia-e-tratamento-psiquiatrico","status":"publish","type":"post","link":"https:\/\/senoticias.com.br\/se\/defesa-alega-insanidade-mental-e-consegue-transferencia-do-homem-que-esfaqueou-a-ex-companheira-em-sao-cristovao-para-unidade-de-custodia-e-tratamento-psiquiatrico\/","title":{"rendered":"Defesa alega &#8220;insanidade mental&#8221; e consegue transfer\u00eancia do homem que esfaqueou a ex-companheira em S\u00e3o Crist\u00f3v\u00e3o para Unidade de Cust\u00f3dia e Tratamento Psiqui\u00e1trico"},"content":{"rendered":"\n<p><\/p>\n\n\n\n<p>A defesa do homem que esfaqueou a ex-companheira em S\u00e3o Crist\u00f3v\u00e3o alega insanidade mental. De acordo com o advogado Bruno Ramos, a tentativa de feminic\u00eddio pode ter sido provocada por um \u201csurto\u201d.<\/p>\n\n\n\n<figure class=\"wp-block-image size-large\"><img loading=\"lazy\" decoding=\"async\" width=\"538\" height=\"301\" src=\"https:\/\/senoticias.com.br\/se\/wp-content\/uploads\/2022\/02\/Bruno-ramos.jpg\" alt=\"\" class=\"wp-image-131574\" srcset=\"https:\/\/senoticias.com.br\/se\/wp-content\/uploads\/2022\/02\/Bruno-ramos.jpg 538w, https:\/\/senoticias.com.br\/se\/wp-content\/uploads\/2022\/02\/Bruno-ramos-300x168.jpg 300w\" sizes=\"(max-width: 538px) 100vw, 538px\" \/><figcaption>O advogado Bruno Ramos, alega que o cliente teve um surto &#8211; Foto: arquivo\/pessoal<\/figcaption><\/figure>\n\n\n\n<p>\u201cN\u00f3s pedimos na audi\u00eancia de cust\u00f3dia, pedimos para que o juiz fizesse o requerimento de insanidade mental, foi deferido, o exame foi feito no prazo de 24 horas. Ficou comprovado que ele sofre de insanidade e faz uso de medicamentos controlados, press\u00e3o, ins\u00f4nia e acreditamos que ele tenha tido um surto, n\u00e3o entendemos os motivos\u201d, alega.<\/p>\n\n\n\n<p>Ainda segundo o advogado: \u201cestive com ele conversando com ele na Unidade de Cust\u00f3dia e Tratamento Psiqui\u00e1trico (UCT), ele diz que n\u00e3o sabe onde est\u00e1, n\u00e3o sabe o nome de ningu\u00e9m. Esses documentos j\u00e1 se encontram nos autos. Ele j\u00e1 est\u00e1 recebendo atendimento psiqui\u00e1trico. Estamos aguardando o Minist\u00e9rio P\u00fablico. Vamos aguardar e a decis\u00e3o do juiz\u201d, disse.<\/p>\n\n\n\n<p><strong>Tentativa feminic\u00eddio<\/strong><\/p>\n\n\n\n<p>No \u00faltimo dia 28 de janeiro, <strong><a href=\"https:\/\/senoticias.com.br\/se\/policia-militar-flagra-tentativa-de-feminicidio-desarma-autor-e-prende-homem-em-flagrante-em-sao-cristovao\/\">uma tentativa de feminic\u00eddio chocou moradores de S\u00e3o Crist\u00f3v\u00e3o<\/a><\/strong>, na Grande Aracaju. Em plena luz do dia, registros em v\u00eddeo mostram um homem correndo atr\u00e1s de uma mulher e desferindo golpes de arma branca ap\u00f3s derrub\u00e1-la no ch\u00e3o.<\/p>\n\n\n\n<p>No local, o ex-marido desta mulher come\u00e7ou a proferir amea\u00e7as, e neste momento, populares acionaram as for\u00e7as policiais. A guarni\u00e7\u00e3o, que estava em patrulhamento, identificou a regi\u00e3o e conseguiu prender o autor do crime no momento em que as agress\u00f5es come\u00e7aram.<\/p>\n\n\n\n<p>A v\u00edtima chegou a ser atingida por golpes de faca e foi levada ao Hospital de S\u00e3o Crist\u00f3v\u00e3o para tratar dos ferimentos.<\/p>\n\n\n\n<p>\u201cEstou desesperada, preciso de ajuda, n\u00e3o estou dormindo, vivendo a base de calmante. Ele foi para me matar, estava insatisfeito porque terminamos h\u00e1 um m\u00eas. Quero que a justi\u00e7a seja feita\u201d, relata a ex-companheira.<\/p>\n\n\n\n<p><em><strong>Quer receber as principais not\u00edcias do<\/strong>\u00a0<strong>SE Not\u00edcias<\/strong>\u00a0<strong>no seu<\/strong>\u00a0<strong>WhatsApp?<\/strong>\u00a0<strong><a href=\"https:\/\/api.whatsapp.com\/send?phone=5579991715289\">Clique aqui<\/a><\/strong>.<\/em><\/p>\n\n\n\n<p>Fonte: <strong><a href=\"https:\/\/fanf1.com.br\/cidades\/2022\/02\/25204\/defesa-de-homem-que-esfaqueou-ex-companheira-em-sao-cristova.html\">FAN F1<\/a><\/strong><\/p>\n","protected":false},"excerpt":{"rendered":"<p>A defesa do homem que esfaqueou a ex-companheira em S\u00e3o Crist\u00f3v\u00e3o alega insanidade mental. De acordo com o advogado Bruno Ramos, a tentativa de feminic\u00eddio pode ter sido provocada por um \u201csurto\u201d. \u201cN\u00f3s pedimos na audi\u00eancia de cust\u00f3dia, pedimos para que o juiz fizesse o requerimento de insanidade mental, foi deferido, o exame foi feito [&hellip;]<\/p>\n","protected":false},"author":6557,"featured_media":0,"comment_status":"closed","ping_status":"closed","sticky":false,"template":"","format":"standard","meta":{"footnotes":""},"categories":[15,7],"tags":[35901,35900,5690,35902,335,35903,857],"class_list":{"0":"post-131573","1":"post","2":"type-post","3":"status-publish","4":"format-standard","6":"category-destaques","7":"category-policia","8":"tag-advogado-bruno-ramos","9":"tag-esfaqueou-ex-mulher","10":"tag-feminicidio","11":"tag-insanidade-mental","12":"tag-sao-cristovao","13":"tag-unidade-de-custodia-e-tratamento-psiquiatrico","14":"tag-violencia"},"_links":{"self":[{"href":"https:\/\/senoticias.com.br\/se\/wp-json\/wp\/v2\/posts\/131573"}],"collection":[{"href":"https:\/\/senoticias.com.br\/se\/wp-json\/wp\/v2\/posts"}],"about":[{"href":"https:\/\/senoticias.com.br\/se\/wp-json\/wp\/v2\/types\/post"}],"author":[{"embeddable":true,"href":"https:\/\/senoticias.com.br\/se\/wp-json\/wp\/v2\/users\/6557"}],"replies":[{"embeddable":true,"href":"https:\/\/senoticias.com.br\/se\/wp-json\/wp\/v2\/comments?post=131573"}],"version-history":[{"count":0,"href":"https:\/\/senoticias.com.br\/se\/wp-json\/wp\/v2\/posts\/131573\/revisions"}],"wp:attachment":[{"href":"https:\/\/senoticias.com.br\/se\/wp-json\/wp\/v2\/media?parent=131573"}],"wp:term":[{"taxonomy":"category","embeddable":true,"href":"https:\/\/senoticias.com.br\/se\/wp-json\/wp\/v2\/categories?post=131573"},{"taxonomy":"post_tag","embeddable":true,"href":"https:\/\/senoticias.com.br\/se\/wp-json\/wp\/v2\/tags?post=131573"}],"curies":[{"name":"wp","href":"https:\/\/api.w.org\/{rel}","templated":true}]}}