{"id":131518,"date":"2022-02-03T17:00:45","date_gmt":"2022-02-03T20:00:45","guid":{"rendered":"https:\/\/senoticias.com.br\/se\/?p=131518"},"modified":"2022-02-03T17:06:42","modified_gmt":"2022-02-03T20:06:42","slug":"deputado-francisco-gualberto-assume-presidencia-da-assembleia-legislativa-de-sergipe-interinamente","status":"publish","type":"post","link":"https:\/\/senoticias.com.br\/se\/deputado-francisco-gualberto-assume-presidencia-da-assembleia-legislativa-de-sergipe-interinamente\/","title":{"rendered":"Deputado Francisco Gualberto assume presid\u00eancia da Assembleia Legislativa de Sergipe interinamente"},"content":{"rendered":"\n<p>A partir desta sexta-feira, dia 4, o deputado estadual Francisco Gualberto assume interinamente a presid\u00eancia da Assembleia Legislativa de Sergipe. O presidente, deputado Luciano Bispo, ir\u00e1 se submeter a uma cirurgia e ficar\u00e1 afastado do cargo por um per\u00edodo de 30 dias. \u201cDevo ressaltar que assumimos a interinidade, mas torcendo pela brevidade da recupera\u00e7\u00e3o do nosso presidente\u201d, disse Gualberto em discurso feito na tribuna da Casa na sess\u00e3o desta quinta-feira, 3.<\/p>\n\n\n\n<figure class=\"wp-block-image size-large\"><img loading=\"lazy\" decoding=\"async\" width=\"540\" height=\"360\" src=\"https:\/\/senoticias.com.br\/se\/wp-content\/uploads\/2022\/02\/Gualberto-SE-Noticias.jpg\" alt=\"\" class=\"wp-image-131519\" srcset=\"https:\/\/senoticias.com.br\/se\/wp-content\/uploads\/2022\/02\/Gualberto-SE-Noticias.jpg 540w, https:\/\/senoticias.com.br\/se\/wp-content\/uploads\/2022\/02\/Gualberto-SE-Noticias-300x200.jpg 300w, https:\/\/senoticias.com.br\/se\/wp-content\/uploads\/2022\/02\/Gualberto-SE-Noticias-90x60.jpg 90w, https:\/\/senoticias.com.br\/se\/wp-content\/uploads\/2022\/02\/Gualberto-SE-Noticias-180x120.jpg 180w, https:\/\/senoticias.com.br\/se\/wp-content\/uploads\/2022\/02\/Gualberto-SE-Noticias-95x64.jpg 95w\" sizes=\"(max-width: 540px) 100vw, 540px\" \/><figcaption>Gualberto assume interinamente a presid\u00eancia da Alese &#8211; Foto: Jadilson Sim\u00f5es<\/figcaption><\/figure>\n\n\n\n<p>\u201cEstamos muito conscientes de que nessa interinidade teremos uma responsabilidade muito grande com a representa\u00e7\u00e3o da institucionalidade do Poder. E essa n\u00e3o ser\u00e1 uma responsabilidade somente minha, enquanto presidente interino. Ser\u00e1 da Mesa Diretora e de todos os deputados e deputadas. E n\u00f3s estaremos sempre dispostos a cumprir essa tarefa junto com os nossos pares\u201d, afirmou Francisco Gualberto,<\/p>\n\n\n\n<p>Em seu pronunciamento, o deputado Gualberto salientou o importante papel que a Casa Legislativa cumpre junto \u00e0 popula\u00e7\u00e3o. \u201cE obviamente esse papel n\u00e3o pode ter descontinuidade. E todos n\u00f3s precisamos estar atentos para continuar sendo \u00fatil \u00e0 popula\u00e7\u00e3o sergipana nesse per\u00edodo de interinidade, como temos sido at\u00e9 o momento, enquanto Poder\u201d, garante, destacando as v\u00e1rias formas de a\u00e7\u00e3o do parlamento, dentre elas o papel do legislativo com agilidade e responsabilidade. \u201cPara que a sociedade sinta os efeitos positivos das a\u00e7\u00f5es legislativas desse parlamento\u201d, frisa Gualberto.<\/p>\n\n\n\n<p>O deputado falou tamb\u00e9m dos desafios que est\u00e3o por vir neste per\u00edodo. \u201cObviamente que todos temos as nossas posi\u00e7\u00f5es pol\u00edticas, mas guardamos as mesmas expectativas para os projetos vindos do Executivo, principalmente porque esse \u00e9 um ano eleitoral e a legisla\u00e7\u00e3o faz esbarrar as iniciativas do Executivo em abril. O governador Belivaldo Chagas j\u00e1 anunciou que mandar\u00e1 projetos de lei para esta Casa referentes \u00e0 vida dos servidores p\u00fablicos. E n\u00f3s n\u00e3o temos d\u00favida nenhuma de que a Casa permanecer\u00e1 com o mesmo afinco, a mesma dedica\u00e7\u00e3o para oferecer, em tempo mais breve poss\u00edvel os efeitos positivos destes projetos, seja de iniciativa dos deputados, seja de iniciativa do governo. E acredito muito que juntos iremos cumprir essa tarefa\u201d, assegura Francisco Gualberto.<\/p>\n\n\n\n<p>\u201cPortanto, que o presidente Luciano Bispo possa fazer sua cirurgia, se recuperar o mais breve poss\u00edvel para retomar a sua fun\u00e7\u00e3o de presidente e conduzir este cargo at\u00e9 o \u00faltimo dia do seu mandato, porque assim lhe foi conferida pelos nossos pares essa responsabilidade\u201d, disse Gualberto.<\/p>\n\n\n\n<p><strong>Apelo<\/strong>&nbsp;\u2013 O deputado aproveitou a ocasi\u00e3o para fazer um apelo aos seus colegas de parlamento. \u201cContinuarei mantendo minha postura diante da pandemia e espero que todos n\u00f3s tenhamos os cuidados necess\u00e1rios, porque ningu\u00e9m est\u00e1 livre diante da contamina\u00e7\u00e3o. N\u00f3s n\u00e3o podemos controlar tudo, mas que tudo aquilo que a gente possa fazer nessa Casa para evitar contamina\u00e7\u00f5es, que seja feito. E um dos apelos que fa\u00e7o aos deputados \u00e9 que ao usar a tribuna a gente n\u00e3o deixe de usar a m\u00e1scara\u201d, disse Gualberto.<\/p>\n\n\n\n<p>O deputado explica que se o discurso for feito sem a m\u00e1scara \u00e9 natural que as salivas do orador permane\u00e7am no ambiente, principalmente nos microfones. \u201cVejo isso como um ponto facilitador de contamina\u00e7\u00e3o. \u00c9 um apelo que fa\u00e7o para que nessas quest\u00f5es a gente possa ter uma conex\u00e3o e o cuidado um com o outro. Infelizmente estamos vendo \u00edndices maiores de contamina\u00e7\u00e3o do que na primeira e segunda ondas da pandemia\u201d, finalizou Francisco Gualberto.<\/p>\n\n\n\n<p><em><strong>Quer receber as principais not\u00edcias do<\/strong>\u00a0<strong>SE Not\u00edcias<\/strong>\u00a0<strong>no seu<\/strong>\u00a0<strong>WhatsApp?<\/strong>\u00a0<strong><a href=\"https:\/\/api.whatsapp.com\/send?phone=5579991715289\">Clique aqui<\/a><\/strong>.<\/em><\/p>\n\n\n\n<p>Assessoria de Imprensa \u2013 Gilson Sousa \u2013 DRT 660\/SE<\/p>\n","protected":false},"excerpt":{"rendered":"<p>A partir desta sexta-feira, dia 4, o deputado estadual Francisco Gualberto assume interinamente a presid\u00eancia da Assembleia Legislativa de Sergipe. O presidente, deputado Luciano Bispo, ir\u00e1 se submeter a uma cirurgia e ficar\u00e1 afastado do cargo por um per\u00edodo de 30 dias. \u201cDevo ressaltar que assumimos a interinidade, mas torcendo pela brevidade da recupera\u00e7\u00e3o do [&hellip;]<\/p>\n","protected":false},"author":6557,"featured_media":0,"comment_status":"closed","ping_status":"closed","sticky":false,"template":"","format":"standard","meta":{"footnotes":""},"categories":[15,6],"tags":[2830,4245,140,11485],"class_list":{"0":"post-131518","1":"post","2":"type-post","3":"status-publish","4":"format-standard","6":"category-destaques","7":"category-politica","8":"tag-alese","9":"tag-gualberto","10":"tag-luciano-bispo","11":"tag-presidente-da-alese"},"_links":{"self":[{"href":"https:\/\/senoticias.com.br\/se\/wp-json\/wp\/v2\/posts\/131518"}],"collection":[{"href":"https:\/\/senoticias.com.br\/se\/wp-json\/wp\/v2\/posts"}],"about":[{"href":"https:\/\/senoticias.com.br\/se\/wp-json\/wp\/v2\/types\/post"}],"author":[{"embeddable":true,"href":"https:\/\/senoticias.com.br\/se\/wp-json\/wp\/v2\/users\/6557"}],"replies":[{"embeddable":true,"href":"https:\/\/senoticias.com.br\/se\/wp-json\/wp\/v2\/comments?post=131518"}],"version-history":[{"count":0,"href":"https:\/\/senoticias.com.br\/se\/wp-json\/wp\/v2\/posts\/131518\/revisions"}],"wp:attachment":[{"href":"https:\/\/senoticias.com.br\/se\/wp-json\/wp\/v2\/media?parent=131518"}],"wp:term":[{"taxonomy":"category","embeddable":true,"href":"https:\/\/senoticias.com.br\/se\/wp-json\/wp\/v2\/categories?post=131518"},{"taxonomy":"post_tag","embeddable":true,"href":"https:\/\/senoticias.com.br\/se\/wp-json\/wp\/v2\/tags?post=131518"}],"curies":[{"name":"wp","href":"https:\/\/api.w.org\/{rel}","templated":true}]}}