{"id":131508,"date":"2022-02-02T18:50:54","date_gmt":"2022-02-02T21:50:54","guid":{"rendered":"https:\/\/senoticias.com.br\/se\/?p=131508"},"modified":"2022-02-02T21:14:58","modified_gmt":"2022-02-03T00:14:58","slug":"comerciante-mata-a-esposa-com-golpes-de-faca-peixeira-ateia-fogo-na-residencia-e-morre-em-confronto-com-policial","status":"publish","type":"post","link":"https:\/\/senoticias.com.br\/se\/comerciante-mata-a-esposa-com-golpes-de-faca-peixeira-ateia-fogo-na-residencia-e-morre-em-confronto-com-policial\/","title":{"rendered":"Comerciante mata a esposa com golpes de faca peixeira, ateia fogo na resid\u00eancia e morre em confronto com policial"},"content":{"rendered":"\n<p><\/p>\n\n\n\n<p>Um comerciante identificado como Jhonny Alejandro, 37 anos,  foi alvejado por policiais ap\u00f3s uma sucess\u00e3o de crimes cometidos na tarde desta quarta-feira, 2. De acordo com a Pol\u00edcia, ele esfaqueou a esposa (ainda n\u00e3o identificada) at\u00e9 a morte e em seguida ateou fogo na resid\u00eancia. <strong>O crime ocorreu dentro da Mercearia da fam\u00edlia, na rua A do bairro Madre Paulina, em S\u00e3o Crist\u00f3v\u00e3o<\/strong>, na Grande Aracaju.<\/p>\n\n\n\n<figure class=\"wp-block-image size-large\"><img loading=\"lazy\" decoding=\"async\" width=\"553\" height=\"552\" src=\"https:\/\/senoticias.com.br\/se\/wp-content\/uploads\/2022\/02\/Madre-Paulina.jpg\" alt=\"\" class=\"wp-image-131509\" srcset=\"https:\/\/senoticias.com.br\/se\/wp-content\/uploads\/2022\/02\/Madre-Paulina.jpg 553w, https:\/\/senoticias.com.br\/se\/wp-content\/uploads\/2022\/02\/Madre-Paulina-300x300.jpg 300w, https:\/\/senoticias.com.br\/se\/wp-content\/uploads\/2022\/02\/Madre-Paulina-150x150.jpg 150w\" sizes=\"(max-width: 553px) 100vw, 553px\" \/><figcaption>Suspeito de matar mulher a facadas morre ap\u00f3s abordagem policial &#8211; Foto: arquivo\/fam\u00edlia<\/figcaption><\/figure>\n\n\n\n<p>Um policial do Departamento de Narc\u00f3ticos (Denarc), da Pol\u00edcia Civil de Sergipe que estava na localidade adentrou pelo terreno ao lado e visualizou uma mulher aparentemente sem vida e um homem desferindo mais golpes de faca. Ao notar o policial, o homem avan\u00e7ou para atac\u00e1-lo, havendo o imediato revide a injusta agress\u00e3o. O suspeito foi alvejado e n\u00e3o resistiu.<\/p>\n\n\n\n<p>Policiais civis que estavam pr\u00f3ximos a ocorr\u00eancia e policiais militares do Batalh\u00e3o de Radiopatrulha logo apareceram para prestar apoio. O Corpo de Bombeiros foi acionado uma vez que havia inc\u00eandio na resid\u00eancia, que tamb\u00e9m funciona como uma pequena mercearia.<\/p>\n\n\n\n<p><em><strong>Quer receber as principais not\u00edcias do<\/strong>\u00a0<strong>SE Not\u00edcias<\/strong>\u00a0<strong>no seu<\/strong>\u00a0<strong>WhatsApp?<\/strong>\u00a0<strong><a href=\"https:\/\/api.whatsapp.com\/send?phone=5579991715289\">Clique aqui<\/a><\/strong>.<\/em><\/p>\n","protected":false},"excerpt":{"rendered":"<p>Um comerciante identificado como Jhonny Alejandro, 37 anos, foi alvejado por policiais ap\u00f3s uma sucess\u00e3o de crimes cometidos na tarde desta quarta-feira, 2. De acordo com a Pol\u00edcia, ele esfaqueou a esposa (ainda n\u00e3o identificada) at\u00e9 a morte e em seguida ateou fogo na resid\u00eancia. O crime ocorreu dentro da Mercearia da fam\u00edlia, na rua [&hellip;]<\/p>\n","protected":false},"author":6557,"featured_media":0,"comment_status":"closed","ping_status":"closed","sticky":false,"template":"","format":"standard","meta":{"footnotes":""},"categories":[15,7],"tags":[35838,35634],"class_list":{"0":"post-131508","1":"post","2":"type-post","3":"status-publish","4":"format-standard","6":"category-destaques","7":"category-policia","8":"tag-feminicidio-2","9":"tag-madre-paulina"},"_links":{"self":[{"href":"https:\/\/senoticias.com.br\/se\/wp-json\/wp\/v2\/posts\/131508"}],"collection":[{"href":"https:\/\/senoticias.com.br\/se\/wp-json\/wp\/v2\/posts"}],"about":[{"href":"https:\/\/senoticias.com.br\/se\/wp-json\/wp\/v2\/types\/post"}],"author":[{"embeddable":true,"href":"https:\/\/senoticias.com.br\/se\/wp-json\/wp\/v2\/users\/6557"}],"replies":[{"embeddable":true,"href":"https:\/\/senoticias.com.br\/se\/wp-json\/wp\/v2\/comments?post=131508"}],"version-history":[{"count":0,"href":"https:\/\/senoticias.com.br\/se\/wp-json\/wp\/v2\/posts\/131508\/revisions"}],"wp:attachment":[{"href":"https:\/\/senoticias.com.br\/se\/wp-json\/wp\/v2\/media?parent=131508"}],"wp:term":[{"taxonomy":"category","embeddable":true,"href":"https:\/\/senoticias.com.br\/se\/wp-json\/wp\/v2\/categories?post=131508"},{"taxonomy":"post_tag","embeddable":true,"href":"https:\/\/senoticias.com.br\/se\/wp-json\/wp\/v2\/tags?post=131508"}],"curies":[{"name":"wp","href":"https:\/\/api.w.org\/{rel}","templated":true}]}}