{"id":131481,"date":"2022-01-31T18:44:40","date_gmt":"2022-01-31T21:44:40","guid":{"rendered":"https:\/\/senoticias.com.br\/se\/?p=131481"},"modified":"2022-01-31T18:44:48","modified_gmt":"2022-01-31T21:44:48","slug":"prefeitura-de-aracaju-abre-inscricoes-para-900-vagas-em-oficinas-online-da-fundat","status":"publish","type":"post","link":"https:\/\/senoticias.com.br\/se\/prefeitura-de-aracaju-abre-inscricoes-para-900-vagas-em-oficinas-online-da-fundat\/","title":{"rendered":"Prefeitura de Aracaju abre inscri\u00e7\u00f5es para 900 vagas em oficinas online da Fundat"},"content":{"rendered":"\n<p>A partir desta ter\u00e7a-feira, 1\u00ba, a Prefeitura de Aracaju abre as inscri\u00e7\u00f5es pra o preenchimento de 900 vagas em nove oficinas de capacita\u00e7\u00e3o online realizadas pela Funda\u00e7\u00e3o Municipal de Forma\u00e7\u00e3o para o Trabalho (Fundat) para qualificar os aracajuanos para o mercado de trabalho.<\/p>\n\n\n\n<figure class=\"wp-block-image size-large\"><img loading=\"lazy\" decoding=\"async\" width=\"1024\" height=\"1024\" src=\"https:\/\/senoticias.com.br\/se\/wp-content\/uploads\/2022\/01\/secom-1024x1024.jpg\" alt=\"\" class=\"wp-image-131482\"\/><figcaption>\nArte: Secom<\/figcaption><\/figure>\n\n\n\n<p>As oficinas, com carga hor\u00e1ria de 2h, contemplam as seguintes \u00e1reas: Educa\u00e7\u00e3o Financeira, Instagram e Marketing, Orat\u00f3ria, Atendimento com Qualidade e Como se destacar no processo seletivo. As capacita\u00e7\u00f5es ser\u00e3o ministradas nos turnos da manh\u00e3, tarde e noite, a fim de ampliar o acesso da popula\u00e7\u00e3o \u00e0 oferta de capacita\u00e7\u00f5es.<\/p>\n\n\n\n<p>Para realizar a inscri\u00e7\u00e3o, os interessados devem ter idade acima de 14 anos e acessar o link <a href=\"https:\/\/abre.ai\/dPyl\">https:\/\/abre.ai\/dPyl<\/a> e preencher corretamente o formul\u00e1rio com as informa\u00e7\u00f5es solicitadas. Tamb\u00e9m \u00e9 poss\u00edvel se inscrever a partir da Bio do perfil da Fundat no Instagram &#8211; @fundataracaju.<\/p>\n\n\n\n<p>As aulas ser\u00e3o ministradas pela sala virtual Google Meet e o cidad\u00e3o pode se inscrever em at\u00e9 tr\u00eas oficinas. \u00c9 necess\u00e1rio que o aluno compare\u00e7a \u00e0 aula no dia e hor\u00e1rio da oficina para a qual se inscreveu acessando o link que ser\u00e1 enviado para o e-mail cadastrado. Al\u00e9m disso, \u00e9 indispens\u00e1vel o preenchimento do formul\u00e1rio de sa\u00edda durante a oficina, para comprovar a presen\u00e7a na aula e ser certificado ao concluir a capacita\u00e7\u00e3o.<\/p>\n\n\n\n<p><strong>Programa\u00e7\u00e3o<\/strong><br>15\/02 &#8211; ter\u00e7a-feira: 9h \u00e0s 11h | Oficina Como se destacar no processo seletivo (2h)<br>15\/02 &#8211; ter\u00e7a-feira: 18h30 \u00e0s 20h30 | Oficina Educa\u00e7\u00e3o Financeira (2h)<br>17\/02 &#8211; quinta-feira: 15h \u00e0s 17h | Oficina Atendimento com Qualidade (2h)<br>18\/02 -sexta-feira: 9h \u00e0s 11h | Oficina Instagram e Marketing (2h)<br>18\/02 &#8211; sexta-feira: 15h \u00e0s 17h | Oficina Orat\u00f3ria (2h)<\/p>\n\n\n\n<p>A Pol\u00edcia Civil disse ainda que a Corregedoria vai acompanhar todo o caso.<\/p>\n\n\n\n<p><em><strong>Quer receber as principais not\u00edcias do<\/strong>&nbsp;<strong>SE Not\u00edcias<\/strong>&nbsp;<strong>no seu<\/strong>&nbsp;<strong>WhatsApp?<\/strong>&nbsp;<strong><a href=\"https:\/\/api.whatsapp.com\/send?phone=5579991715289\">Clique aqui<\/a><\/strong>.<\/em><\/p>\n\n\n\n<p>Fonte:\u00a0Prefeitura de Aracaju<\/p>\n","protected":false},"excerpt":{"rendered":"<p>A partir desta ter\u00e7a-feira, 1\u00ba, a Prefeitura de Aracaju abre as inscri\u00e7\u00f5es pra o preenchimento de 900 vagas em nove oficinas de capacita\u00e7\u00e3o online realizadas pela Funda\u00e7\u00e3o Municipal de Forma\u00e7\u00e3o para o Trabalho (Fundat) para qualificar os aracajuanos para o mercado de trabalho. As oficinas, com carga hor\u00e1ria de 2h, contemplam as seguintes \u00e1reas: Educa\u00e7\u00e3o [&hellip;]<\/p>\n","protected":false},"author":6557,"featured_media":0,"comment_status":"closed","ping_status":"closed","sticky":false,"template":"","format":"standard","meta":{"footnotes":""},"categories":[15,6],"tags":[35858,213],"class_list":{"0":"post-131481","1":"post","2":"type-post","3":"status-publish","4":"format-standard","6":"category-destaques","7":"category-politica","8":"tag-oficina-online-fundat","9":"tag-prefeitura-de-aracaju"},"_links":{"self":[{"href":"https:\/\/senoticias.com.br\/se\/wp-json\/wp\/v2\/posts\/131481"}],"collection":[{"href":"https:\/\/senoticias.com.br\/se\/wp-json\/wp\/v2\/posts"}],"about":[{"href":"https:\/\/senoticias.com.br\/se\/wp-json\/wp\/v2\/types\/post"}],"author":[{"embeddable":true,"href":"https:\/\/senoticias.com.br\/se\/wp-json\/wp\/v2\/users\/6557"}],"replies":[{"embeddable":true,"href":"https:\/\/senoticias.com.br\/se\/wp-json\/wp\/v2\/comments?post=131481"}],"version-history":[{"count":0,"href":"https:\/\/senoticias.com.br\/se\/wp-json\/wp\/v2\/posts\/131481\/revisions"}],"wp:attachment":[{"href":"https:\/\/senoticias.com.br\/se\/wp-json\/wp\/v2\/media?parent=131481"}],"wp:term":[{"taxonomy":"category","embeddable":true,"href":"https:\/\/senoticias.com.br\/se\/wp-json\/wp\/v2\/categories?post=131481"},{"taxonomy":"post_tag","embeddable":true,"href":"https:\/\/senoticias.com.br\/se\/wp-json\/wp\/v2\/tags?post=131481"}],"curies":[{"name":"wp","href":"https:\/\/api.w.org\/{rel}","templated":true}]}}