{"id":131479,"date":"2022-01-31T18:35:34","date_gmt":"2022-01-31T21:35:34","guid":{"rendered":"https:\/\/senoticias.com.br\/se\/?p=131479"},"modified":"2022-01-31T18:35:42","modified_gmt":"2022-01-31T21:35:42","slug":"presidente-da-alese-fara-cirurgia-em-sao-paulo","status":"publish","type":"post","link":"https:\/\/senoticias.com.br\/se\/presidente-da-alese-fara-cirurgia-em-sao-paulo\/","title":{"rendered":"Presidente da Alese far\u00e1 cirurgia em S\u00e3o Paulo"},"content":{"rendered":"\n<p>O presidente da Assembleia Legislativa de Sergipe, deputado Luciano Bispo (MDB), entra de licen\u00e7a m\u00e9dica a partir desta sexta-feira, 04 de fevereiro, para uma cirurgia em S\u00e3o Paulo, devido ao diagn\u00f3stico de \u2018Neurinoma do ac\u00fastico\u2019. Quem assume pelo per\u00edodo de 30 dias \u00e9 o vice-presidente da Alese, deputado Francisco Gualberto (PT).<\/p>\n\n\n\n<figure class=\"wp-block-image size-large\"><img loading=\"lazy\" decoding=\"async\" width=\"599\" height=\"532\" src=\"https:\/\/senoticias.com.br\/se\/wp-content\/uploads\/2022\/01\/presidente-do-alese-e1643664856966.jpeg\" alt=\"\" class=\"wp-image-131480\"\/><figcaption>\nFoto: Joel Luiz\n\n<\/figcaption><\/figure>\n\n\n\n<p>Durante os \u00faltimos exames realizados no in\u00edcio deste ano pelo presidente foi diagnosticado um \u2018Neurinoma do Ac\u00fastico\u2019, um tumor benigno localizado na parte do ouvido interno e que pode gerar tonturas ou vertigens, al\u00e9m de atingir tamb\u00e9m a audi\u00e7\u00e3o.<\/p>\n\n\n\n<p>O tratamento para o pleno restabelecimento do parlamentar ser\u00e1 atrav\u00e9s do procedimento m\u00e9dico denominado \u2018microcirurgia para tumor intracraniano com monitoriza\u00e7\u00e3o neurofisiol\u00f3gica intraoperat\u00f3ria\u2019. O deputado Luciano Bispo ap\u00f3s a cirurgia, no dia 08 de fevereiro, ficar\u00e1 internado por cinco dias no hospital S\u00edrio-Liban\u00eas, depois por mais cinco em um hotel e, assim que liberado retorna para Sergipe onde permanecer\u00e1 em repouso at\u00e9 o final da licen\u00e7a m\u00e9dica.<\/p>\n\n\n\n<p>A Pol\u00edcia Civil disse ainda que a Corregedoria vai acompanhar todo o caso.<\/p>\n\n\n\n<p><em><strong>Quer receber as principais not\u00edcias do<\/strong>&nbsp;<strong>SE Not\u00edcias<\/strong>&nbsp;<strong>no seu<\/strong>&nbsp;<strong>WhatsApp?<\/strong>&nbsp;<strong><a href=\"https:\/\/api.whatsapp.com\/send?phone=5579991715289\">Clique aqui<\/a><\/strong>.<\/em><\/p>\n\n\n\n<p>Fonte:\u00a0Alese<\/p>\n","protected":false},"excerpt":{"rendered":"<p>O presidente da Assembleia Legislativa de Sergipe, deputado Luciano Bispo (MDB), entra de licen\u00e7a m\u00e9dica a partir desta sexta-feira, 04 de fevereiro, para uma cirurgia em S\u00e3o Paulo, devido ao diagn\u00f3stico de \u2018Neurinoma do ac\u00fastico\u2019. Quem assume pelo per\u00edodo de 30 dias \u00e9 o vice-presidente da Alese, deputado Francisco Gualberto (PT). Durante os \u00faltimos exames [&hellip;]<\/p>\n","protected":false},"author":6557,"featured_media":0,"comment_status":"closed","ping_status":"closed","sticky":false,"template":"","format":"standard","meta":{"footnotes":""},"categories":[15,6],"tags":[14947,1405,11485],"class_list":{"0":"post-131479","1":"post","2":"type-post","3":"status-publish","4":"format-standard","6":"category-destaques","7":"category-politica","8":"tag-deputado-francisco-gualberto","9":"tag-deputado-luciano-bispo","10":"tag-presidente-da-alese"},"_links":{"self":[{"href":"https:\/\/senoticias.com.br\/se\/wp-json\/wp\/v2\/posts\/131479"}],"collection":[{"href":"https:\/\/senoticias.com.br\/se\/wp-json\/wp\/v2\/posts"}],"about":[{"href":"https:\/\/senoticias.com.br\/se\/wp-json\/wp\/v2\/types\/post"}],"author":[{"embeddable":true,"href":"https:\/\/senoticias.com.br\/se\/wp-json\/wp\/v2\/users\/6557"}],"replies":[{"embeddable":true,"href":"https:\/\/senoticias.com.br\/se\/wp-json\/wp\/v2\/comments?post=131479"}],"version-history":[{"count":0,"href":"https:\/\/senoticias.com.br\/se\/wp-json\/wp\/v2\/posts\/131479\/revisions"}],"wp:attachment":[{"href":"https:\/\/senoticias.com.br\/se\/wp-json\/wp\/v2\/media?parent=131479"}],"wp:term":[{"taxonomy":"category","embeddable":true,"href":"https:\/\/senoticias.com.br\/se\/wp-json\/wp\/v2\/categories?post=131479"},{"taxonomy":"post_tag","embeddable":true,"href":"https:\/\/senoticias.com.br\/se\/wp-json\/wp\/v2\/tags?post=131479"}],"curies":[{"name":"wp","href":"https:\/\/api.w.org\/{rel}","templated":true}]}}