{"id":131477,"date":"2022-01-31T12:19:55","date_gmt":"2022-01-31T15:19:55","guid":{"rendered":"https:\/\/senoticias.com.br\/se\/?p=131477"},"modified":"2022-01-31T12:20:01","modified_gmt":"2022-01-31T15:20:01","slug":"medico-preso-por-nao-atender-delegado-com-prioridade-desabafa-apos-ser-solto-pela-justica-foi-humilhante","status":"publish","type":"post","link":"https:\/\/senoticias.com.br\/se\/medico-preso-por-nao-atender-delegado-com-prioridade-desabafa-apos-ser-solto-pela-justica-foi-humilhante\/","title":{"rendered":"M\u00e9dico preso por n\u00e3o atender delegado com prioridade desabafa ap\u00f3s ser solto pela Justi\u00e7a: \u2018Foi humilhante\u2019"},"content":{"rendered":"\n<p>O medico que foi preso por n\u00e3o atender um delegado com prioridade disse que se sentiu muito constrangido com a situa\u00e7\u00e3o e chegou a pensar em se mudar de Cavalcante, no nordeste de Goi\u00e1s. Por\u00e9m, ao ver o apoio que teve da popula\u00e7\u00e3o, mudou de ideia. A Pol\u00edcia Civil disse que, na realidade, o profissional foi preso por exerc\u00edcio ilegal da medicina, desacato e les\u00e3o corporal. O m\u00e9dico F\u00e1bio Marlon Martins Fran\u00e7a, no entanto, tem permiss\u00e3o para atuar na medicina.<\/p>\n\n\n\n<figure class=\"wp-block-image size-large\"><img loading=\"lazy\" decoding=\"async\" width=\"552\" height=\"346\" src=\"https:\/\/senoticias.com.br\/se\/wp-content\/uploads\/2022\/01\/Medico-preso-SE-Noticias.jpg\" alt=\"\" class=\"wp-image-131478\" srcset=\"https:\/\/senoticias.com.br\/se\/wp-content\/uploads\/2022\/01\/Medico-preso-SE-Noticias.jpg 552w, https:\/\/senoticias.com.br\/se\/wp-content\/uploads\/2022\/01\/Medico-preso-SE-Noticias-300x188.jpg 300w, https:\/\/senoticias.com.br\/se\/wp-content\/uploads\/2022\/01\/Medico-preso-SE-Noticias-120x76.jpg 120w, https:\/\/senoticias.com.br\/se\/wp-content\/uploads\/2022\/01\/Medico-preso-SE-Noticias-274x173.jpg 274w, https:\/\/senoticias.com.br\/se\/wp-content\/uploads\/2022\/01\/Medico-preso-SE-Noticias-308x192.jpg 308w\" sizes=\"(max-width: 552px) 100vw, 552px\" \/><figcaption>M\u00e9dico F\u00e1bio Fran\u00e7a atende em Cavalcante \u2014 Foto: Reprodu\u00e7\u00e3o\/Redes Sociais<\/figcaption><\/figure>\n\n\n\n<p>F\u00e1bio foi preso no dia 27. Ele conta que o delegado Alex Rodrigues queria ser atendido com prioridade ap\u00f3s testar positivo para Covid-19. O m\u00e9dico, ent\u00e3o, se negou atend\u00ea-lo primeiro, o que gerou uma discuss\u00e3o.<\/p>\n\n\n\n<p>Momentos depois, o delegado voltou ao posto de sa\u00fade acompanhando de agentes e prendeu o m\u00e9dico. Ap\u00f3s o registro na delegacia, o profissional foi levado ao pres\u00eddio.<\/p>\n\n\n\n<p>Em audi\u00eancia de cust\u00f3dia no dia seguinte, a Justi\u00e7a liberou o m\u00e9dico, avaliando que F\u00e1bio, que faz parte do Programa Mais M\u00e9dicos, tem autoriza\u00e7\u00e3o para exercer a profiss\u00e3o normalmente. O juiz Fernando Oliveira Samuel afirmou ainda que \u201cnada justifica no caso a condu\u00e7\u00e3o coercitiva do profissional de sa\u00fade no momento que estava a atender o p\u00fablico\u201d e que, \u201cao que parece, [o delegado] pode realmente ter abusado de suas fun\u00e7\u00f5es p\u00fablicas\u201d.<\/p>\n\n\n\n<p>Moradores protestaram contra a pris\u00e3o do m\u00e9dico, que j\u00e1 atua h\u00e1 cinco anos em Cavalcante. Ap\u00f3s deixar o pres\u00eddio, F\u00e1bio disse que manter\u00e1 sua postura.<\/p>\n\n\n\n<p>Enquanto estava no pres\u00eddio, F\u00e1bio pensou em se mudar para outra cidade quando a situa\u00e7\u00e3o fosse resolvida. Por\u00e9m, o apoio da popula\u00e7\u00e3o foi decisivo para que ele resolvesse continuar em Cavalcante.<\/p>\n\n\n\n<p>\u201cEu pensei em quando sair do pres\u00eddio, eu pegaria minha fam\u00edlia e iria embora, porque eu estava com muita vergonha de tudo, n\u00e3o sabia como olhar para o meu povo, para minha equipe de trabalho. Foi uma situa\u00e7\u00e3o muito humilhante e constrangedora\u201d, completou.<\/p>\n\n\n\n<p>Em nota, a Pol\u00edcia Civil disse que, desconfiando da maneira como o m\u00e9dico estava fazendo os atendimentos, o delegado fez \u201clevantamentos t\u00e9cnicos acerca do registro profissional do suposto m\u00e9dico, F\u00e1bio Fran\u00e7a, constatou que o registro do m\u00e9dico junto ao Conselho Regional de Medicina de Goi\u00e1s estava cancelado\u201d.<\/p>\n\n\n\n<p>Por\u00e9m, como o profissional faz parte do Programa Mais M\u00e9dicos e tem contrato v\u00e1lido at\u00e9 novembro deste ano, ele n\u00e3o precisa de um registro no Conselho Regional de Medicina de Goi\u00e1s (Cremego).<\/p>\n\n\n\n<p>O Cremego e o Minist\u00e9rio da Sa\u00fade confirmaram que n\u00e3o h\u00e1 qualquer irregularidade na atua\u00e7\u00e3o profissional de F\u00e1bio. O conselho disse ainda que \u00e9 direito e dever de cada m\u00e9dico concluir o atendimento em andamento antes de iniciar um novo e que uma consulta s\u00f3 pode ser interrompida em casos de emerg\u00eancia.<\/p>\n\n\n\n<p>A Pol\u00edcia Civil disse ainda que a Corregedoria vai acompanhar todo o caso.<\/p>\n\n\n\n<p><em><strong>Quer receber as principais not\u00edcias do<\/strong>\u00a0<strong>SE Not\u00edcias<\/strong>\u00a0<strong>no seu<\/strong>\u00a0<strong>WhatsApp?<\/strong>\u00a0<strong><a href=\"https:\/\/api.whatsapp.com\/send?phone=5579991715289\">Clique aqui<\/a><\/strong>.<\/em><\/p>\n\n\n\n<p>Fonte: <strong><a href=\"https:\/\/g1.globo.com\/go\/goias\/noticia\/2022\/01\/30\/medico-preso-por-nao-atender-delegado-com-prioridade-desabafa-apos-ser-solto-pela-justica-foi-humilhante.ghtml\">G1<\/a><\/strong><\/p>\n","protected":false},"excerpt":{"rendered":"<p>O medico que foi preso por n\u00e3o atender um delegado com prioridade disse que se sentiu muito constrangido com a situa\u00e7\u00e3o e chegou a pensar em se mudar de Cavalcante, no nordeste de Goi\u00e1s. Por\u00e9m, ao ver o apoio que teve da popula\u00e7\u00e3o, mudou de ideia. A Pol\u00edcia Civil disse que, na realidade, o profissional [&hellip;]<\/p>\n","protected":false},"author":6557,"featured_media":0,"comment_status":"closed","ping_status":"closed","sticky":false,"template":"","format":"standard","meta":{"footnotes":""},"categories":[15,7],"tags":[3202,13669],"class_list":{"0":"post-131477","1":"post","2":"type-post","3":"status-publish","4":"format-standard","6":"category-destaques","7":"category-policia","8":"tag-abuso-de-autoridade","9":"tag-medico-preso"},"_links":{"self":[{"href":"https:\/\/senoticias.com.br\/se\/wp-json\/wp\/v2\/posts\/131477"}],"collection":[{"href":"https:\/\/senoticias.com.br\/se\/wp-json\/wp\/v2\/posts"}],"about":[{"href":"https:\/\/senoticias.com.br\/se\/wp-json\/wp\/v2\/types\/post"}],"author":[{"embeddable":true,"href":"https:\/\/senoticias.com.br\/se\/wp-json\/wp\/v2\/users\/6557"}],"replies":[{"embeddable":true,"href":"https:\/\/senoticias.com.br\/se\/wp-json\/wp\/v2\/comments?post=131477"}],"version-history":[{"count":0,"href":"https:\/\/senoticias.com.br\/se\/wp-json\/wp\/v2\/posts\/131477\/revisions"}],"wp:attachment":[{"href":"https:\/\/senoticias.com.br\/se\/wp-json\/wp\/v2\/media?parent=131477"}],"wp:term":[{"taxonomy":"category","embeddable":true,"href":"https:\/\/senoticias.com.br\/se\/wp-json\/wp\/v2\/categories?post=131477"},{"taxonomy":"post_tag","embeddable":true,"href":"https:\/\/senoticias.com.br\/se\/wp-json\/wp\/v2\/tags?post=131477"}],"curies":[{"name":"wp","href":"https:\/\/api.w.org\/{rel}","templated":true}]}}