{"id":131434,"date":"2022-01-27T18:23:53","date_gmt":"2022-01-27T21:23:53","guid":{"rendered":"https:\/\/senoticias.com.br\/se\/?p=131434"},"modified":"2022-01-27T18:23:59","modified_gmt":"2022-01-27T21:23:59","slug":"secretarios-de-fazenda-aprovam-congelamento-do-icms-sobre-combustiveis","status":"publish","type":"post","link":"https:\/\/senoticias.com.br\/se\/secretarios-de-fazenda-aprovam-congelamento-do-icms-sobre-combustiveis\/","title":{"rendered":"Secret\u00e1rios de Fazenda aprovam congelamento do ICMS sobre combust\u00edveis"},"content":{"rendered":"\n<p><\/p>\n\n\n\n<p>O Comit\u00ea Nacional de Pol\u00edtica Fazend\u00e1ria (Confaz) aprovou hoje (27) a prorroga\u00e7\u00e3o, at\u00e9 31 de mar\u00e7o, do congelamento do pre\u00e7o m\u00e9dio ponderado ao consumidor final (PMPF) do Imposto sobre Circula\u00e7\u00e3o de Mercadorias e Servi\u00e7os (ICMS) incidente sobre os combust\u00edveis.<\/p>\n\n\n\n<figure class=\"wp-block-image size-large\"><img loading=\"lazy\" decoding=\"async\" width=\"569\" height=\"341\" src=\"https:\/\/senoticias.com.br\/se\/wp-content\/uploads\/2021\/07\/Aumento-da-Gasolina-SE-Noticias.jpg\" alt=\"Aumento dos combust\u00edveis SE Noticias\" class=\"wp-image-128692\" srcset=\"https:\/\/senoticias.com.br\/se\/wp-content\/uploads\/2021\/07\/Aumento-da-Gasolina-SE-Noticias.jpg 569w, https:\/\/senoticias.com.br\/se\/wp-content\/uploads\/2021\/07\/Aumento-da-Gasolina-SE-Noticias-300x180.jpg 300w, https:\/\/senoticias.com.br\/se\/wp-content\/uploads\/2021\/07\/Aumento-da-Gasolina-SE-Noticias-567x341.jpg 567w\" sizes=\"(max-width: 569px) 100vw, 569px\" \/><figcaption> Valor venceria no pr\u00f3ximo dia 31 e agora vai at\u00e9 31 de mar\u00e7o  &#8211; Marcelo Camargo\/Ag\u00eancia Brasil<\/figcaption><\/figure>\n\n\n\n<p>A decis\u00e3o foi aprovada pelos secret\u00e1rios de Fazenda das 27 unidades federativas. Base de c\u00e1lculo do ICMS a ser recolhido sobre o pre\u00e7o final da gasolina, diesel e etanol, o congelamento do PMPF tinha validade at\u00e9 31 de janeiro, mas, com a decis\u00e3o de hoje valer\u00e1 por mais 60 dias, at\u00e9 31 de mar\u00e7o.<\/p>\n\n\n\n<p>&#8220;A quest\u00e3o dos pre\u00e7os dos combust\u00edveis e do congelamento do PMPF tem sido amplamente discutida nos \u00faltimos dias. Nesta quarta-feira (26), o F\u00f3rum dos Governadores divulgou nota recomendando a aprova\u00e7\u00e3o do congelamento do PMPF como uma medida provis\u00f3ria para contribuir com o controle dos aumentos dos combust\u00edveis. Os governadores defendem, por\u00e9m, solu\u00e7\u00f5es estruturais para estabiliza\u00e7\u00e3o dos pre\u00e7os dos combust\u00edveis, como um fundo de equaliza\u00e7\u00e3o de pre\u00e7os&#8221;, informou, em nota, o Comit\u00ea Nacional dos Secret\u00e1rio de Fazenda dos Estados e do Distrito Federal (Consefaz).<\/p>\n\n\n\n<p>Para o Consefaz, s\u00f3 o congelamento do ICMS n\u00e3o \u00e9 suficiente para impedir os reajustes dos combust\u00edveis, porque os elementos centrais dos aumentos s\u00e3o a varia\u00e7\u00e3o do d\u00f3lar e a pol\u00edtica da Petrobras de paridade com o mercado internacional do petr\u00f3leo.<\/p>\n\n\n\n<p>Diante da situa\u00e7\u00e3o, o Consefaz manifestou apoio \u00e0 cria\u00e7\u00e3o do fundo de equaliza\u00e7\u00e3o, como forma de evitar que os reajustes do barril de petr\u00f3leo no mercado internacional sejam repassados para o pre\u00e7o final dos combust\u00edveis, como tem ocorrido, gerando aumentos frequentes.<\/p>\n\n\n\n<p><em><strong>Quer receber as principais not\u00edcias do<\/strong>&nbsp;<strong>SE Not\u00edcias<\/strong>&nbsp;<strong>no seu<\/strong>&nbsp;<strong>WhatsApp?<\/strong>&nbsp;<strong><a href=\"https:\/\/api.whatsapp.com\/send?phone=5579991715289\">Clique aqui<\/a><\/strong>.<\/em><\/p>\n\n\n\n<p><strong><em>Acompanhe tamb\u00e9m o SE Not\u00edcias no\u00a0<a rel=\"noreferrer noopener\" href=\"https:\/\/twitter.com\/Senoticias\" target=\"_blank\">Twitter<\/a>,\u00a0<a rel=\"noreferrer noopener\" href=\"https:\/\/www.facebook.com\/senoticias1\" target=\"_blank\">Facebook<\/a>\u00a0e no\u00a0<a rel=\"noreferrer noopener\" href=\"https:\/\/www.instagram.com\/senoticias\/\" target=\"_blank\">Instagram<\/a><\/em><\/strong><\/p>\n\n\n\n<p>Fonte: Ag\u00eancia Brasil<\/p>\n","protected":false},"excerpt":{"rendered":"<p>O Comit\u00ea Nacional de Pol\u00edtica Fazend\u00e1ria (Confaz) aprovou hoje (27) a prorroga\u00e7\u00e3o, at\u00e9 31 de mar\u00e7o, do congelamento do pre\u00e7o m\u00e9dio ponderado ao consumidor final (PMPF) do Imposto sobre Circula\u00e7\u00e3o de Mercadorias e Servi\u00e7os (ICMS) incidente sobre os combust\u00edveis. A decis\u00e3o foi aprovada pelos secret\u00e1rios de Fazenda das 27 unidades federativas. Base de c\u00e1lculo do [&hellip;]<\/p>\n","protected":false},"author":6557,"featured_media":0,"comment_status":"closed","ping_status":"closed","sticky":false,"template":"","format":"standard","meta":{"footnotes":""},"categories":[15,2961],"tags":[35788,35836],"class_list":{"0":"post-131434","1":"post","2":"type-post","3":"status-publish","4":"format-standard","6":"category-destaques","7":"category-nacional","8":"tag-combustiveis-2","9":"tag-congelamento-do-icms"},"_links":{"self":[{"href":"https:\/\/senoticias.com.br\/se\/wp-json\/wp\/v2\/posts\/131434"}],"collection":[{"href":"https:\/\/senoticias.com.br\/se\/wp-json\/wp\/v2\/posts"}],"about":[{"href":"https:\/\/senoticias.com.br\/se\/wp-json\/wp\/v2\/types\/post"}],"author":[{"embeddable":true,"href":"https:\/\/senoticias.com.br\/se\/wp-json\/wp\/v2\/users\/6557"}],"replies":[{"embeddable":true,"href":"https:\/\/senoticias.com.br\/se\/wp-json\/wp\/v2\/comments?post=131434"}],"version-history":[{"count":0,"href":"https:\/\/senoticias.com.br\/se\/wp-json\/wp\/v2\/posts\/131434\/revisions"}],"wp:attachment":[{"href":"https:\/\/senoticias.com.br\/se\/wp-json\/wp\/v2\/media?parent=131434"}],"wp:term":[{"taxonomy":"category","embeddable":true,"href":"https:\/\/senoticias.com.br\/se\/wp-json\/wp\/v2\/categories?post=131434"},{"taxonomy":"post_tag","embeddable":true,"href":"https:\/\/senoticias.com.br\/se\/wp-json\/wp\/v2\/tags?post=131434"}],"curies":[{"name":"wp","href":"https:\/\/api.w.org\/{rel}","templated":true}]}}