{"id":131412,"date":"2022-01-25T16:47:17","date_gmt":"2022-01-25T19:47:17","guid":{"rendered":"https:\/\/senoticias.com.br\/se\/?p=131412"},"modified":"2022-01-25T16:47:26","modified_gmt":"2022-01-25T19:47:26","slug":"sergipe-deve-registrar-media-de-3-mil-casos-de-covid-19-e-seis-mortes-por-dia-no-mes-de-marco-diz-pesquisador-da-ufs","status":"publish","type":"post","link":"https:\/\/senoticias.com.br\/se\/sergipe-deve-registrar-media-de-3-mil-casos-de-covid-19-e-seis-mortes-por-dia-no-mes-de-marco-diz-pesquisador-da-ufs\/","title":{"rendered":"Sergipe deve registrar m\u00e9dia de 3 mil casos de Covid-19 e seis mortes por dia no m\u00eas de mar\u00e7o, diz pesquisador da UFS"},"content":{"rendered":"\n<p><\/p>\n\n\n\n<p>Sergipe deve registrar uma m\u00e9dia de 3 mil casos e seis mortes por dia no m\u00eas de mar\u00e7o. A proje\u00e7\u00e3o \u00e9 da equipe da For\u00e7a Tarefa de combate \u00e0 Covid 19 da Universidade Federal de Sergipe (UFS).<\/p>\n\n\n\n<figure class=\"wp-block-image size-large\"><img loading=\"lazy\" decoding=\"async\" width=\"599\" height=\"400\" src=\"https:\/\/senoticias.com.br\/se\/wp-content\/uploads\/2020\/12\/corona-e1607703490566.jpg\" alt=\"\" class=\"wp-image-125915\"\/><figcaption> Vacina\u00e7\u00e3o foi destacada como principal ferramenta de combate ao avan\u00e7o da doen\u00e7a no estado &#8211; foto: divulga\u00e7\u00e3o\/PMSC)<\/figcaption><\/figure>\n\n\n\n<p>Segundo o professor e pesquisador, Lysandro Borges, diante da proje\u00e7\u00e3o de crescimento no n\u00famero de casos e de mortes, algumas medidas j\u00e1 come\u00e7am a ser adotadas. Entre elas, o repasse de dados ao governo do estado para que sejam iniciadas estrat\u00e9gias de combate ao avan\u00e7o da doen\u00e7a.<\/p>\n\n\n\n<p>Al\u00e9m disso, na pr\u00f3xima semana equipes da for\u00e7a-tarefa devem ir a nove munic\u00edpios, que est\u00e3o com a taxa de vacina\u00e7\u00e3o abaixo de 61%.Nesses locais, a popula\u00e7\u00e3o pode ser testada e vacinada.<\/p>\n\n\n\n<p>S\u00e3o eles: Ne\u00f3polis, (60%), Pedrinhas (59%), Brejo Grande (59%), Japoat\u00e3 (58%), Riachuelo (57%), Tomar do Geru (57%), Po\u00e7o Redondo (56%) e Carm\u00f3polis (53%).<\/p>\n\n\n\n<p><strong>Vacina\u00e7\u00e3o<\/strong><\/p>\n\n\n\n<p>O especialista destacou tamb\u00e9m a import\u00e2ncia da vacina\u00e7\u00e3o e lembrou, que em 2020, quando o estado ainda n\u00e3o havia iniciado a imuniza\u00e7\u00e3o, nos dias em que eram registrados 3 mil casos, o n\u00famero de mortes era de pelo menos 38 pessoas, bem diferente do atual cen\u00e1rio da pandemia em Sergipe.<\/p>\n\n\n\n<p><em><strong>Quer receber as principais not\u00edcias do<\/strong>&nbsp;<strong>SE Not\u00edcias<\/strong>&nbsp;<strong>no seu<\/strong>&nbsp;<strong>WhatsApp?<\/strong>&nbsp;<strong><a href=\"https:\/\/api.whatsapp.com\/send?phone=5579991715289\">Clique aqui<\/a><\/strong>.<\/em><\/p>\n\n\n\n<p><strong><em>Acompanhe tamb\u00e9m o SE Not\u00edcias no\u00a0<a rel=\"noreferrer noopener\" href=\"https:\/\/twitter.com\/Senoticias\" target=\"_blank\">Twitter<\/a>,\u00a0<a rel=\"noreferrer noopener\" href=\"https:\/\/www.facebook.com\/senoticias1\" target=\"_blank\">Facebook<\/a>\u00a0e no\u00a0<a rel=\"noreferrer noopener\" href=\"https:\/\/www.instagram.com\/senoticias\/\" target=\"_blank\">Instagram<\/a><\/em><\/strong><\/p>\n\n\n\n<p>Fonte: <strong><a href=\"https:\/\/g1.globo.com\/se\/sergipe\/noticia\/2022\/01\/24\/sergipe-deve-registrar-media-de-3-mil-casos-de-covid-19-e-seis-mortes-por-dia-no-mes-de-marco-diz-pesquisador-da-ufs.ghtml\">G1<\/a><\/strong> SE<\/p>\n","protected":false},"excerpt":{"rendered":"<p>Sergipe deve registrar uma m\u00e9dia de 3 mil casos e seis mortes por dia no m\u00eas de mar\u00e7o. A proje\u00e7\u00e3o \u00e9 da equipe da For\u00e7a Tarefa de combate \u00e0 Covid 19 da Universidade Federal de Sergipe (UFS). Segundo o professor e pesquisador, Lysandro Borges, diante da proje\u00e7\u00e3o de crescimento no n\u00famero de casos e de [&hellip;]<\/p>\n","protected":false},"author":6557,"featured_media":0,"comment_status":"closed","ping_status":"closed","sticky":false,"template":"","format":"standard","meta":{"footnotes":""},"categories":[15,6],"tags":[16692,14279,35831,35829,14369,35830],"class_list":{"0":"post-131412","1":"post","2":"type-post","3":"status-publish","4":"format-standard","6":"category-destaques","7":"category-politica","8":"tag-coronavirus-2","9":"tag-covid19","10":"tag-lysandro-borges","11":"tag-omicron-2","12":"tag-pandemia","13":"tag-variante-omicron-2"},"_links":{"self":[{"href":"https:\/\/senoticias.com.br\/se\/wp-json\/wp\/v2\/posts\/131412"}],"collection":[{"href":"https:\/\/senoticias.com.br\/se\/wp-json\/wp\/v2\/posts"}],"about":[{"href":"https:\/\/senoticias.com.br\/se\/wp-json\/wp\/v2\/types\/post"}],"author":[{"embeddable":true,"href":"https:\/\/senoticias.com.br\/se\/wp-json\/wp\/v2\/users\/6557"}],"replies":[{"embeddable":true,"href":"https:\/\/senoticias.com.br\/se\/wp-json\/wp\/v2\/comments?post=131412"}],"version-history":[{"count":0,"href":"https:\/\/senoticias.com.br\/se\/wp-json\/wp\/v2\/posts\/131412\/revisions"}],"wp:attachment":[{"href":"https:\/\/senoticias.com.br\/se\/wp-json\/wp\/v2\/media?parent=131412"}],"wp:term":[{"taxonomy":"category","embeddable":true,"href":"https:\/\/senoticias.com.br\/se\/wp-json\/wp\/v2\/categories?post=131412"},{"taxonomy":"post_tag","embeddable":true,"href":"https:\/\/senoticias.com.br\/se\/wp-json\/wp\/v2\/tags?post=131412"}],"curies":[{"name":"wp","href":"https:\/\/api.w.org\/{rel}","templated":true}]}}