{"id":131400,"date":"2022-01-24T18:19:28","date_gmt":"2022-01-24T21:19:28","guid":{"rendered":"https:\/\/senoticias.com.br\/se\/?p=131400"},"modified":"2022-01-24T18:19:33","modified_gmt":"2022-01-24T21:19:33","slug":"instituto-jcpm-oferece-200-vagas-em-cursos-gratuitos-em-aracaju","status":"publish","type":"post","link":"https:\/\/senoticias.com.br\/se\/instituto-jcpm-oferece-200-vagas-em-cursos-gratuitos-em-aracaju\/","title":{"rendered":"Instituto JCPM oferece 200 vagas em cursos gratuitos em Aracaju"},"content":{"rendered":"\n<p><\/p>\n\n\n\n<p>O Instituto Jo\u00e3o Carlos Paes Mendon\u00e7a de Compromisso Social (IJCPM) est\u00e1 com inscri\u00e7\u00f5es abertas para oito cursos gratuitos em Aracaju (SE). As forma\u00e7\u00f5es s\u00e3o destinadas a jovens de 16 a 24 anos, alunos ou egressos da rede p\u00fablica de ensino. Ao todo, est\u00e3o sendo ofertadas 200 vagas nas qualifica\u00e7\u00f5es em Inform\u00e1tica B\u00e1sica, Inform\u00e1tica Avan\u00e7ada, Introdu\u00e7\u00e3o \u00e0 L\u00f3gica de Programa\u00e7\u00e3o, Ingl\u00eas B\u00e1sico, Libras, Portugu\u00eas para Surdos, Prepara\u00e7\u00e3o para o Mundo do Trabalho e Jornada Empreendedora. As turmas contar\u00e3o com int\u00e9rprete de Libras para os alunos surdos.<\/p>\n\n\n\n<figure class=\"wp-block-image size-large\"><img loading=\"lazy\" decoding=\"async\" width=\"565\" height=\"365\" src=\"https:\/\/senoticias.com.br\/se\/wp-content\/uploads\/2022\/01\/IJCPM-abre-inscricoes-para-cursos-gratuitos-SE-Noticias.jpg\" alt=\"\" class=\"wp-image-131401\" srcset=\"https:\/\/senoticias.com.br\/se\/wp-content\/uploads\/2022\/01\/IJCPM-abre-inscricoes-para-cursos-gratuitos-SE-Noticias.jpg 565w, https:\/\/senoticias.com.br\/se\/wp-content\/uploads\/2022\/01\/IJCPM-abre-inscricoes-para-cursos-gratuitos-SE-Noticias-300x194.jpg 300w, https:\/\/senoticias.com.br\/se\/wp-content\/uploads\/2022\/01\/IJCPM-abre-inscricoes-para-cursos-gratuitos-SE-Noticias-190x122.jpg 190w\" sizes=\"(max-width: 565px) 100vw, 565px\" \/><figcaption>Oportunidades em oito diferentes forma\u00e7\u00f5es s\u00e3o destinadas a jovens de 16 a 24 anos que sejam estudantes ou ex-alunos de escolas p\u00fablicas &#8211; Foto: arquivo\/JCPM<\/figcaption><\/figure>\n\n\n\n<p>\u201cEstamos com uma pr\u00e9-inscri\u00e7\u00e3o para identificarmos a forma\u00e7\u00e3o de interesse de cada um e esses jovens participar\u00e3o de um encontro para que possam conhecer melhor o curso escolhido, a metodologia e os valores do Instituto JCPM. A partir da\u00ed, cada um poder\u00e1 efetivar, de fato, a sua matr\u00edcula\u201d, explica a coordenadora de projetos sociais do IJCPM Aracaju, Paula Lib\u00f3rio.<\/p>\n\n\n\n<p>As inscri\u00e7\u00f5es seguem at\u00e9 31 de janeiro e os interessados devem preencher o formul\u00e1rio dispon\u00edvel no perfil no @IJCPM no Instagram e no endere\u00e7o https:\/\/bit.ly\/ijcpmaju. As aulas ser\u00e3o presenciais e acontecer\u00e3o a partir do dia 14 de fevereiro na sede do Instituto no Shopping Jardins. As cargas hor\u00e1rias variam de 30 a 100 horas durante o semestre, a depender da qualifica\u00e7\u00e3o escolhida. Mais informa\u00e7\u00f5es pelos WhatsApp (79) 9 8101-1307.<\/p>\n\n\n\n<p><strong>Instituto JCPM<\/strong><\/p>\n\n\n\n<p>Desde dezembro de 2016, o IJCPM atua na capital sergipana, elevando o potencial de empregabilidade e estimulando os crescimentos profissional e pessoal de jovens de 16 a 24 anos. Situada no Shopping Jardins, a institui\u00e7\u00e3o oferece cursos de qualifica\u00e7\u00e3o profissional, idiomas, inform\u00e1tica e oficinas de f\u00e9rias, voltados a alunos matriculados ou egressos do ensino m\u00e9dio de escolas p\u00fablicas.<\/p>\n\n\n\n<p>Al\u00e9m da qualifica\u00e7\u00e3o, o IJCPM auxilia o jovem a se inserir no mercado de trabalho. A partir das conclus\u00f5es das turmas, \u00e9 formado um Banco de Curr\u00edculos cujo objetivo \u00e9 fazer a liga\u00e7\u00e3o entre empregadores e a m\u00e3o de obra rec\u00e9m-formada.<\/p>\n\n\n\n<p>Servi\u00e7o:<\/p>\n\n\n\n<p>Instituto JCPM abre inscri\u00e7\u00f5es para 8 cursos gratuitos voltados a jovens de 16 a 24 anos, estudantes ou ex-alunos da rede p\u00fablica de ensino.<br>Quando? Inscri\u00e7\u00f5es at\u00e9 31 de janeiro. Aulas a partir de 14 de fevereiro.<br>Onde? Inscri\u00e7\u00f5es pelo @IJCPM ou link https:\/\/bit.ly\/ijcpmaju.<br>Quanto? Inscri\u00e7\u00f5es e cursos gratuitos.<br><strong>Mais informa\u00e7\u00f5es? @IJCPM ou WhatsApp (79) 9 8101-1307<\/strong>.<\/p>\n\n\n\n<p><strong>Conhe\u00e7a os cursos:<\/strong><\/p>\n\n\n\n<p><strong>Prepara\u00e7\u00e3o para o Mundo do Trabalho<\/strong><br><br>Visa desenvolver habilidades nos campos da comunica\u00e7\u00e3o, do pensamento matem\u00e1tico, da cidadania, da organiza\u00e7\u00e3o pessoal e profissional e da inform\u00e1tica, oportunizando maiores chances de empregabilidade.<br>Turno: manh\u00e3 ou tarde.<br>Carga hor\u00e1ria: 9 horas semanais.<\/p>\n\n\n\n<p><strong>Jornada Empreendedora<\/strong><br><br>Busca compartilhar conhecimentos de empreendedorismo, organiza\u00e7\u00e3o financeira, comunica\u00e7\u00e3o digital e atendimento.<br>Turno: manh\u00e3.<br>Carga hor\u00e1ria: 9h30 semanais. 3h30<\/p>\n\n\n\n<p>Libras \u2013 L\u00edngua Brasileira de Sinais<br>Tem o objetivo de instrumentalizar o jovem para utilizar a Libras em n\u00edvel b\u00e1sico, possibilitando assim a comunica\u00e7\u00e3o com o surdo nos diversos contextos sociais, principalmente nos ambientes de trabalho.<br>Turno: manh\u00e3.<br>Carga hor\u00e1ria: 2 horas semanais.<\/p>\n\n\n\n<p><strong>Ingl\u00eas B\u00e1sico<\/strong><br><br>O curso realizado em parceria com a escola Y\u00e1zig busca instrumentalizar o jovem para utilizar a l\u00edngua inglesa em n\u00edvel b\u00e1sico.<br>Turno: tarde.<br>Carga hor\u00e1ria: 2 horas semanais.<\/p>\n\n\n\n<p><strong>Portugu\u00eas para Surdos<\/strong><br><br>Visa aprofundar os conhecimentos de jovens surdos na l\u00edngua portuguesa.<br>Turno: manh\u00e3.<br>Carga hor\u00e1ria: 2 horas semanais.<\/p>\n\n\n\n<p><strong>Inform\u00e1tica B\u00e1sica<\/strong><br><br>Desenvolver a aprendizagem de meios digitais mais utilizados no dia a dia e no mercado de trabalho (Habilidades digitais; Sistema operacional; Pacote office- Word, Excel, Power Point).<br>Turno: manh\u00e3 ou tarde.<br>Carga hor\u00e1ria: 4 horas semanais.<\/p>\n\n\n\n<p><strong>Inform\u00e1tica Avan\u00e7ada<\/strong><br><br>Objetiva refor\u00e7ar os conte\u00fados mais utilizados e adicionar t\u00e9cnicas e fun\u00e7\u00f5es para amplia\u00e7\u00e3o de repert\u00f3rio no uso das ferramentas (principalmente Word e Excel).<br>Turno: manh\u00e3 ou tarde.<br>Carga hor\u00e1ria: 3 horas semanais.<\/p>\n\n\n\n<p><strong>Introdu\u00e7\u00e3o \u00e0 L\u00f3gica de Programa\u00e7\u00e3o<\/strong><br><br>Apresentar o mundo da programa\u00e7\u00e3o ao jovem, ajudando-o a desenvolver a l\u00f3gica do pensamento computacional e apresentando a base da cria\u00e7\u00e3o de praticamente todos os softwares, o algoritmo.<br>Turno: tarde.<br><br>Carga hor\u00e1ria: 3 horas semanais.<\/p>\n\n\n\n<p><em><strong>Quer receber as principais not\u00edcias do<\/strong>&nbsp;<strong>SE Not\u00edcias<\/strong>&nbsp;<strong>no seu<\/strong>&nbsp;<strong>WhatsApp?<\/strong>&nbsp;<strong><a href=\"https:\/\/api.whatsapp.com\/send?phone=5579991715289\">Clique aqui<\/a><\/strong>.<\/em><\/p>\n\n\n\n<p><strong><em>Acompanhe tamb\u00e9m o SE Not\u00edcias no\u00a0<a rel=\"noreferrer noopener\" href=\"https:\/\/twitter.com\/Senoticias\" target=\"_blank\">Twitter<\/a>,\u00a0<a rel=\"noreferrer noopener\" href=\"https:\/\/www.facebook.com\/senoticias1\" target=\"_blank\">Facebook<\/a>\u00a0e no\u00a0<a rel=\"noreferrer noopener\" href=\"https:\/\/www.instagram.com\/senoticias\/\" target=\"_blank\">Instagram<\/a><\/em><\/strong><\/p>\n\n\n\n<p>Fonte: Lotti + Caldas Comunica\u00e7\u00e3o<\/p>\n","protected":false},"excerpt":{"rendered":"<p>O Instituto Jo\u00e3o Carlos Paes Mendon\u00e7a de Compromisso Social (IJCPM) est\u00e1 com inscri\u00e7\u00f5es abertas para oito cursos gratuitos em Aracaju (SE). As forma\u00e7\u00f5es s\u00e3o destinadas a jovens de 16 a 24 anos, alunos ou egressos da rede p\u00fablica de ensino. Ao todo, est\u00e3o sendo ofertadas 200 vagas nas qualifica\u00e7\u00f5es em Inform\u00e1tica B\u00e1sica, Inform\u00e1tica Avan\u00e7ada, Introdu\u00e7\u00e3o [&hellip;]<\/p>\n","protected":false},"author":6557,"featured_media":0,"comment_status":"closed","ping_status":"closed","sticky":false,"template":"","format":"standard","meta":{"footnotes":""},"categories":[15,21],"tags":[35824,642,35826,35825],"class_list":{"0":"post-131400","1":"post","2":"type-post","3":"status-publish","4":"format-standard","6":"category-destaques","7":"category-entretenimento","8":"tag-200-vagas-em-cursos","9":"tag-cursos-gratuitos","10":"tag-instituto-jcpm","11":"tag-instituto-joao-carlos-paes-mendonca"},"_links":{"self":[{"href":"https:\/\/senoticias.com.br\/se\/wp-json\/wp\/v2\/posts\/131400"}],"collection":[{"href":"https:\/\/senoticias.com.br\/se\/wp-json\/wp\/v2\/posts"}],"about":[{"href":"https:\/\/senoticias.com.br\/se\/wp-json\/wp\/v2\/types\/post"}],"author":[{"embeddable":true,"href":"https:\/\/senoticias.com.br\/se\/wp-json\/wp\/v2\/users\/6557"}],"replies":[{"embeddable":true,"href":"https:\/\/senoticias.com.br\/se\/wp-json\/wp\/v2\/comments?post=131400"}],"version-history":[{"count":0,"href":"https:\/\/senoticias.com.br\/se\/wp-json\/wp\/v2\/posts\/131400\/revisions"}],"wp:attachment":[{"href":"https:\/\/senoticias.com.br\/se\/wp-json\/wp\/v2\/media?parent=131400"}],"wp:term":[{"taxonomy":"category","embeddable":true,"href":"https:\/\/senoticias.com.br\/se\/wp-json\/wp\/v2\/categories?post=131400"},{"taxonomy":"post_tag","embeddable":true,"href":"https:\/\/senoticias.com.br\/se\/wp-json\/wp\/v2\/tags?post=131400"}],"curies":[{"name":"wp","href":"https:\/\/api.w.org\/{rel}","templated":true}]}}