{"id":131387,"date":"2022-01-24T09:38:47","date_gmt":"2022-01-24T12:38:47","guid":{"rendered":"https:\/\/senoticias.com.br\/se\/?p=131387"},"modified":"2022-01-24T10:38:10","modified_gmt":"2022-01-24T13:38:10","slug":"novidade-cpnj-ja-pode-ser-utilizado-como-nome-empresarial-2","status":"publish","type":"post","link":"https:\/\/senoticias.com.br\/se\/novidade-cpnj-ja-pode-ser-utilizado-como-nome-empresarial-2\/","title":{"rendered":"Novidade: CPNJ j\u00e1 pode ser utilizado como nome empresarial"},"content":{"rendered":"\n<p>A partir desta segunda-feira, 24, a\u00a0Jucese\u00a0(Junta Comercial e Empresarial de Sergipe) lan\u00e7a uma nova possibilidade para as empresas, que \u00e9 o uso do\u00a0CNPJ (Cadastro Nacional da Pessoa Jur\u00eddica) como nome empresarial.\u00a0\u00a0<\/p>\n\n\n\n<figure class=\"wp-block-image size-large\"><img loading=\"lazy\" decoding=\"async\" width=\"519\" height=\"519\" src=\"https:\/\/senoticias.com.br\/se\/wp-content\/uploads\/2022\/01\/jucese-materia-3.jpg\" alt=\"\" class=\"wp-image-131357\" srcset=\"https:\/\/senoticias.com.br\/se\/wp-content\/uploads\/2022\/01\/jucese-materia-3.jpg 519w, https:\/\/senoticias.com.br\/se\/wp-content\/uploads\/2022\/01\/jucese-materia-3-300x300.jpg 300w, https:\/\/senoticias.com.br\/se\/wp-content\/uploads\/2022\/01\/jucese-materia-3-150x150.jpg 150w\" sizes=\"(max-width: 519px) 100vw, 519px\" \/><figcaption>CPNJ j\u00e1 pode ser utilizado como nome empresarial &#8211; Foto arte: Jucese<\/figcaption><\/figure>\n\n\n\n<p>A nova op\u00e7\u00e3o chega com o intuito oferecer mais uma composi\u00e7\u00e3o do nome da empresa. Al\u00e9m disso, vai dar mais celeridade no momento da autoriza\u00e7\u00e3o, pois o CNPJ \u00e9 \u00fanico. Sendo assim, n\u00e3o necessita da an\u00e1lise manual para a disponibilidade.&nbsp;&nbsp;<\/p>\n\n\n\n<p>Utilizar o CNPJ como nome empresarial acaba sendo um facilitador. A partir do momento em que se escolhe o CNPJ como nome da empresa, ela passa por uma an\u00e1lise autom\u00e1tica e n\u00e3o vai existir&nbsp;colid\u00eancia&nbsp;de nome. Desta maneira, a autoriza\u00e7\u00e3o de uso do nome \u00e9 instant\u00e2nea. Ent\u00e3o, o objetivo desta nova condi\u00e7\u00e3o \u00e9&nbsp;agilizar, ainda mais, o processo de abertura e de funcionamento da empresa.&nbsp;&nbsp;<\/p>\n\n\n\n<p><em><strong>Quer receber as principais not\u00edcias do<\/strong>&nbsp;<strong>SE Not\u00edcias<\/strong>&nbsp;<strong>no seu<\/strong>&nbsp;<strong>WhatsApp?<\/strong>&nbsp;<strong><a href=\"https:\/\/api.whatsapp.com\/send?phone=5579991715289\">Clique aqui<\/a><\/strong>.<\/em><\/p>\n\n\n\n<p><strong><em>Acompanhe tamb\u00e9m o SE Not\u00edcias no&nbsp;<a rel=\"noreferrer noopener\" href=\"https:\/\/twitter.com\/Senoticias\" target=\"_blank\">Twitter<\/a>,&nbsp;<a rel=\"noreferrer noopener\" href=\"https:\/\/www.facebook.com\/senoticias1\" target=\"_blank\">Facebook<\/a>&nbsp;e no&nbsp;<a rel=\"noreferrer noopener\" href=\"https:\/\/www.instagram.com\/senoticias\/\" target=\"_blank\">Instagram<\/a><\/em><\/strong><\/p>\n\n\n\n<p>Fonte: Jucese<\/p>\n","protected":false},"excerpt":{"rendered":"<p>A partir desta segunda-feira, 24, a\u00a0Jucese\u00a0(Junta Comercial e Empresarial de Sergipe) lan\u00e7a uma nova possibilidade para as empresas, que \u00e9 o uso do\u00a0CNPJ (Cadastro Nacional da Pessoa Jur\u00eddica) como nome empresarial.\u00a0\u00a0 A nova op\u00e7\u00e3o chega com o intuito oferecer mais uma composi\u00e7\u00e3o do nome da empresa. Al\u00e9m disso, vai dar mais celeridade no momento da [&hellip;]<\/p>\n","protected":false},"author":6557,"featured_media":0,"comment_status":"closed","ping_status":"closed","sticky":false,"template":"","format":"standard","meta":{"footnotes":""},"categories":[15,38],"tags":[35812,477,35813],"class_list":{"0":"post-131387","1":"post","2":"type-post","3":"status-publish","4":"format-standard","6":"category-destaques","7":"category-municipios","8":"tag-cpnj","9":"tag-jucese","10":"tag-nome-empresarial"},"_links":{"self":[{"href":"https:\/\/senoticias.com.br\/se\/wp-json\/wp\/v2\/posts\/131387"}],"collection":[{"href":"https:\/\/senoticias.com.br\/se\/wp-json\/wp\/v2\/posts"}],"about":[{"href":"https:\/\/senoticias.com.br\/se\/wp-json\/wp\/v2\/types\/post"}],"author":[{"embeddable":true,"href":"https:\/\/senoticias.com.br\/se\/wp-json\/wp\/v2\/users\/6557"}],"replies":[{"embeddable":true,"href":"https:\/\/senoticias.com.br\/se\/wp-json\/wp\/v2\/comments?post=131387"}],"version-history":[{"count":0,"href":"https:\/\/senoticias.com.br\/se\/wp-json\/wp\/v2\/posts\/131387\/revisions"}],"wp:attachment":[{"href":"https:\/\/senoticias.com.br\/se\/wp-json\/wp\/v2\/media?parent=131387"}],"wp:term":[{"taxonomy":"category","embeddable":true,"href":"https:\/\/senoticias.com.br\/se\/wp-json\/wp\/v2\/categories?post=131387"},{"taxonomy":"post_tag","embeddable":true,"href":"https:\/\/senoticias.com.br\/se\/wp-json\/wp\/v2\/tags?post=131387"}],"curies":[{"name":"wp","href":"https:\/\/api.w.org\/{rel}","templated":true}]}}