{"id":131378,"date":"2022-01-23T19:42:24","date_gmt":"2022-01-23T22:42:24","guid":{"rendered":"https:\/\/senoticias.com.br\/se\/?p=131378"},"modified":"2022-01-23T19:42:30","modified_gmt":"2022-01-23T22:42:30","slug":"chuva-forte-causa-transtornos-a-moradores-de-carmopolis-assista-video","status":"publish","type":"post","link":"https:\/\/senoticias.com.br\/se\/chuva-forte-causa-transtornos-a-moradores-de-carmopolis-assista-video\/","title":{"rendered":"Chuva forte causa transtornos a moradores de Carm\u00f3polis; assista v\u00eddeo"},"content":{"rendered":"\n<p>A forte chuva que come\u00e7ou na manh\u00e3 deste domingo (23) e durou aproximadamente 40 minutos causou transtornos \u00e0 popula\u00e7\u00e3o da cidade de Carm\u00f3polis, distante 59 Km de Aracaju. A informa\u00e7\u00e3o foi confirmada pela Secretaria de Comunica\u00e7\u00e3o do Munic\u00edpio.<\/p>\n\n\n\n<figure class=\"wp-block-embed-youtube wp-block-embed is-type-video is-provider-youtube wp-embed-aspect-16-9 wp-has-aspect-ratio\"><div class=\"wp-block-embed__wrapper\">\n<iframe loading=\"lazy\" title=\"Resgate do gato em Carmopolis SE Noticias\" width=\"500\" height=\"281\" src=\"https:\/\/www.youtube.com\/embed\/NQcwJA5Fz-Q?feature=oembed\" frameborder=\"0\" allow=\"accelerometer; autoplay; clipboard-write; encrypted-media; gyroscope; picture-in-picture; web-share\" referrerpolicy=\"strict-origin-when-cross-origin\" allowfullscreen><\/iframe>\n<\/div><\/figure>\n\n\n\n<p>Em nota, a Prefeitura de Carm\u00f3polis emitiu alerta para o risco de alagamentos e deslizamentos de terra na cidade. Em caso de incidentes, a popula\u00e7\u00e3o deve entrar em contato com umas das secretarias.<\/p>\n\n\n\n<figure class=\"wp-block-image size-large\"><img loading=\"lazy\" decoding=\"async\" width=\"516\" height=\"332\" src=\"https:\/\/senoticias.com.br\/se\/wp-content\/uploads\/2022\/01\/Chuva-em-Carmopolis-SE-Noticias.jpg\" alt=\"\" class=\"wp-image-131379\" srcset=\"https:\/\/senoticias.com.br\/se\/wp-content\/uploads\/2022\/01\/Chuva-em-Carmopolis-SE-Noticias.jpg 516w, https:\/\/senoticias.com.br\/se\/wp-content\/uploads\/2022\/01\/Chuva-em-Carmopolis-SE-Noticias-300x193.jpg 300w, https:\/\/senoticias.com.br\/se\/wp-content\/uploads\/2022\/01\/Chuva-em-Carmopolis-SE-Noticias-190x122.jpg 190w, https:\/\/senoticias.com.br\/se\/wp-content\/uploads\/2022\/01\/Chuva-em-Carmopolis-SE-Noticias-120x76.jpg 120w\" sizes=\"(max-width: 516px) 100vw, 516px\" \/><figcaption>Chuva provocou alagamentos no munic\u00edpio &#8211; Foto: redes sociais<\/figcaption><\/figure>\n\n\n\n<p>\u00c0 medida que os problemas foram detectados, a prefeita e vice adotaram todas as medidas necess\u00e1rias para resolu\u00e7\u00e3o imediata. De acordo com a Prefeita de Carm\u00f3polis, em visita aos hospital municipal, n\u00e3o foi constatada a entrada de paciente em decorr\u00eancia das consequ\u00eancias provocadas pelas fortes chuvas. Em rela\u00e7\u00e3o \u00e0s fam\u00edlias, que tiveram suas resid\u00eancias afetadas, o Poder P\u00fablico vai prestar todo apoio necess\u00e1rio.<\/p>\n\n\n\n<p>A Prefeitura tamb\u00e9m informou que uma equipe t\u00e9cnica fez uma vistoria da estrutura do hospital, que tamb\u00e9m foi atingida durante as chuvas. A equipe da Secretaria Municipal de Obras e Servi\u00e7os Urbanos iniciar\u00e1 os reparos nesta nesta segunda-feira (24).<\/p>\n\n\n\n<p>Secretaria de Obras \u2013 9 9833-5082\/ 9 9174-9747<br>Secretaria de Assist\u00eancia Social \u2013 9 9683-9810\/ 99865-1676<br>Secretaria de Sa\u00fade \u2013 9 9610-1910<br>Secretaria de Seguran\u00e7a P\u00fablica e Defesa Social \u2013 9 9689-1385<\/p>\n\n\n\n<p><\/p>\n\n\n\n<p><em><strong>Quer receber as principais not\u00edcias do<\/strong>&nbsp;<strong>SE Not\u00edcias<\/strong>&nbsp;<strong>no seu<\/strong>&nbsp;<strong>WhatsApp?<\/strong>&nbsp;<strong><a href=\"https:\/\/api.whatsapp.com\/send?phone=5579991715289\">Clique aqui<\/a><\/strong>.<\/em><\/p>\n\n\n\n<p><strong><em>Acompanhe tamb\u00e9m o SE Not\u00edcias no\u00a0<a rel=\"noreferrer noopener\" href=\"https:\/\/twitter.com\/Senoticias\" target=\"_blank\">Twitter<\/a>,\u00a0<a rel=\"noreferrer noopener\" href=\"https:\/\/www.facebook.com\/senoticias1\" target=\"_blank\">Facebook<\/a>\u00a0e no\u00a0<a rel=\"noreferrer noopener\" href=\"https:\/\/www.instagram.com\/senoticias\/\" target=\"_blank\">Instagram<\/a><\/em><\/strong><\/p>\n\n\n\n<p>Por G1 SE e Prefeitura de Carm\u00f3polis<\/p>\n","protected":false},"excerpt":{"rendered":"<p>A forte chuva que come\u00e7ou na manh\u00e3 deste domingo (23) e durou aproximadamente 40 minutos causou transtornos \u00e0 popula\u00e7\u00e3o da cidade de Carm\u00f3polis, distante 59 Km de Aracaju. A informa\u00e7\u00e3o foi confirmada pela Secretaria de Comunica\u00e7\u00e3o do Munic\u00edpio. Em nota, a Prefeitura de Carm\u00f3polis emitiu alerta para o risco de alagamentos e deslizamentos de terra [&hellip;]<\/p>\n","protected":false},"author":6557,"featured_media":0,"comment_status":"closed","ping_status":"closed","sticky":false,"template":"","format":"standard","meta":{"footnotes":""},"categories":[15,38],"tags":[2094,35809,3759],"class_list":{"0":"post-131378","1":"post","2":"type-post","3":"status-publish","4":"format-standard","6":"category-destaques","7":"category-municipios","8":"tag-carmopolis","9":"tag-carmopolis-alagada","10":"tag-chuva"},"_links":{"self":[{"href":"https:\/\/senoticias.com.br\/se\/wp-json\/wp\/v2\/posts\/131378"}],"collection":[{"href":"https:\/\/senoticias.com.br\/se\/wp-json\/wp\/v2\/posts"}],"about":[{"href":"https:\/\/senoticias.com.br\/se\/wp-json\/wp\/v2\/types\/post"}],"author":[{"embeddable":true,"href":"https:\/\/senoticias.com.br\/se\/wp-json\/wp\/v2\/users\/6557"}],"replies":[{"embeddable":true,"href":"https:\/\/senoticias.com.br\/se\/wp-json\/wp\/v2\/comments?post=131378"}],"version-history":[{"count":0,"href":"https:\/\/senoticias.com.br\/se\/wp-json\/wp\/v2\/posts\/131378\/revisions"}],"wp:attachment":[{"href":"https:\/\/senoticias.com.br\/se\/wp-json\/wp\/v2\/media?parent=131378"}],"wp:term":[{"taxonomy":"category","embeddable":true,"href":"https:\/\/senoticias.com.br\/se\/wp-json\/wp\/v2\/categories?post=131378"},{"taxonomy":"post_tag","embeddable":true,"href":"https:\/\/senoticias.com.br\/se\/wp-json\/wp\/v2\/tags?post=131378"}],"curies":[{"name":"wp","href":"https:\/\/api.w.org\/{rel}","templated":true}]}}