{"id":131369,"date":"2022-01-21T21:11:07","date_gmt":"2022-01-22T00:11:07","guid":{"rendered":"https:\/\/senoticias.com.br\/se\/?p=131369"},"modified":"2022-01-21T21:13:45","modified_gmt":"2022-01-22T00:13:45","slug":"ciro-lanca-campanha-presidencial-inspirada-em-brizola","status":"publish","type":"post","link":"https:\/\/senoticias.com.br\/se\/ciro-lanca-campanha-presidencial-inspirada-em-brizola\/","title":{"rendered":"Ciro lan\u00e7a campanha presidencial inspirada em Brizola"},"content":{"rendered":"\n<p>O pol\u00edtico ga\u00facho Leonel Brizola, fundador do PDT, completaria 100 anos de vida amanh\u00e3. Em comemora\u00e7\u00e3o \u00e0 data, o PDT lan\u00e7a, nesta sexta-feira (21\/1), na conven\u00e7\u00e3o da legenda em Bras\u00edlia, a candidatura de Ciro Gomes \u00e0 Presid\u00eancia das Rep\u00fablica \u2014 um personagem da pol\u00edtica que, para muitos pedetistas, tem imensas semelhan\u00e7as com Brizola.<\/p>\n\n\n\n<figure class=\"wp-block-image size-large\"><img loading=\"lazy\" decoding=\"async\" width=\"400\" height=\"266\" src=\"https:\/\/senoticias.com.br\/se\/wp-content\/uploads\/2022\/01\/Ciro-Gomes-SE-Noticias.jpg\" alt=\"\" class=\"wp-image-131371\" srcset=\"https:\/\/senoticias.com.br\/se\/wp-content\/uploads\/2022\/01\/Ciro-Gomes-SE-Noticias.jpg 400w, https:\/\/senoticias.com.br\/se\/wp-content\/uploads\/2022\/01\/Ciro-Gomes-SE-Noticias-300x200.jpg 300w, https:\/\/senoticias.com.br\/se\/wp-content\/uploads\/2022\/01\/Ciro-Gomes-SE-Noticias-90x60.jpg 90w, https:\/\/senoticias.com.br\/se\/wp-content\/uploads\/2022\/01\/Ciro-Gomes-SE-Noticias-180x120.jpg 180w, https:\/\/senoticias.com.br\/se\/wp-content\/uploads\/2022\/01\/Ciro-Gomes-SE-Noticias-95x64.jpg 95w\" sizes=\"(max-width: 400px) 100vw, 400px\" \/><figcaption>Na \u00faltima quarta-feira (19\/1), Ciro adiantou em seu Twitter que o lema da campanha ao Pal\u00e1cio do Planalto ser\u00e1 &#8220;a rebeldia da esperan\u00e7a&#8221; &#8211; cr\u00e9dito: Barbara Cabral\/Esp. CB\/D.A Press<\/figcaption><\/figure>\n\n\n\n<p>Na \u00faltima quarta-feira (19\/1), Ciro adiantou em seu Twitter que o lema da campanha ao Pal\u00e1cio do Planalto ser\u00e1 &#8220;a rebeldia da esperan\u00e7a&#8221;. A campanha sob o comando do ex-marqueteiro do PT Jo\u00e3o Santana busca classificar o candidato do PDT como uma pessoa indignada com os rumos do pa\u00eds e que tem propostas de desenvolvimento dentro de uma l\u00f3gica eminentemente nacional.<\/p>\n\n\n\n<p>Para o deputado federal Mario Heringer (PDT-MG), esta \u00e9 a grande semelhan\u00e7a de Ciro com Brizola. &#8220;As pessoas que n\u00e3o o conheciam achavam que ele era briguento, assim como nosso companheiro Ciro Gomes \u00e9 visto hoje. Ambos s\u00e3o assim por n\u00e3o aceitar as coisas do jeito que s\u00e3o, por remarem contra a mar\u00e9&#8221;, explica o parlamentar.<\/p>\n\n\n\n<p><strong>Pontos comuns<\/strong><\/p>\n\n\n\n<p>A afinidade com as ideias do partido, bandeiras que desde os tempos de Brizola eram defendidas, \u00e9 o que mais aproxima Ciro do fundador do PDT na vis\u00e3o da deputada federal Fl\u00e1via Morais (GO). &#8220;Por mais que tenha vindo de outra viv\u00eancia politico-partid\u00e1ria, Ciro tem muita coer\u00eancia com as bandeiras que o PDT defende. Ele faz isso com muita naturalidade&#8221;, analisa. Para ela, o partido mant\u00e9m vivo o nome de seu fundador por conta tamb\u00e9m dessas bandeiras.<\/p>\n\n\n\n<p>O tamb\u00e9m deputado Wolney Queiroz (PDT-PE) destaca que enxerga em Ciro a apresenta\u00e7\u00e3o do legado de Brizola para as novas gera\u00e7\u00f5es de eleitores. &#8220;Sinto muita sintonia e verdade no que Ciro repete e prega. Ele mant\u00e9m a chama viva&#8221;, garante.<\/p>\n\n\n\n<p>Queiroz conviveu com Brizola, e o que mais lhe chamava aten\u00e7\u00e3o nas palavras do engenheiro \u2014 como os admiradores chamavam o ex-governador do Rio Grande do Sul e do Rio de Janeiro duas vezes \u2014 era o amor que ele tinha pelo Brasil. &#8220;O que mais se destacava em Brizola era o amor verdadeiro pelo Brasil, e uma indigna\u00e7\u00e3o genu\u00edna com a desigualdade do pa\u00eds&#8221;, ressalta.<\/p>\n\n\n\n<p>Mais do que um legado para o PDT, o deputado F\u00e9lix Mendon\u00e7a Jr. (BA) acredita que Brizola \u00e9 um marco para todos os brasileiros por causa da luta pela educa\u00e7\u00e3o. &#8220;Se o pa\u00eds tivesse uma boa educa\u00e7\u00e3o, seria capaz de escolher melhor seus governantes. Brizola sempre defendeu a mudan\u00e7a, a educa\u00e7\u00e3o de qualidade, de tempo integral, que \u00e9 a maior riqueza de todos&#8221;, lembrou.<\/p>\n\n\n\n<p><em><strong>Quer receber as principais not\u00edcias do<\/strong>&nbsp;<strong>SE Not\u00edcias<\/strong>&nbsp;<strong>no seu<\/strong>&nbsp;<strong>WhatsApp?<\/strong>&nbsp;<strong><a href=\"https:\/\/api.whatsapp.com\/send?phone=5579991715289\">Clique aqui<\/a><\/strong>.<\/em><\/p>\n\n\n\n<p><strong><em>Acompanhe tamb\u00e9m o SE Not\u00edcias no\u00a0<a rel=\"noreferrer noopener\" href=\"https:\/\/twitter.com\/Senoticias\" target=\"_blank\">Twitter<\/a>,\u00a0<a rel=\"noreferrer noopener\" href=\"https:\/\/www.facebook.com\/senoticias1\" target=\"_blank\">Facebook<\/a>\u00a0e no\u00a0<a rel=\"noreferrer noopener\" href=\"https:\/\/www.instagram.com\/senoticias\/\" target=\"_blank\">Instagram<\/a><\/em><\/strong><\/p>\n\n\n\n<p>Fonte: Ta\u00edsa Medeiros\/Correio Braziliense<\/p>\n","protected":false},"excerpt":{"rendered":"<p>O pol\u00edtico ga\u00facho Leonel Brizola, fundador do PDT, completaria 100 anos de vida amanh\u00e3. Em comemora\u00e7\u00e3o \u00e0 data, o PDT lan\u00e7a, nesta sexta-feira (21\/1), na conven\u00e7\u00e3o da legenda em Bras\u00edlia, a candidatura de Ciro Gomes \u00e0 Presid\u00eancia das Rep\u00fablica \u2014 um personagem da pol\u00edtica que, para muitos pedetistas, tem imensas semelhan\u00e7as com Brizola. Na \u00faltima [&hellip;]<\/p>\n","protected":false},"author":6557,"featured_media":0,"comment_status":"closed","ping_status":"closed","sticky":false,"template":"","format":"standard","meta":{"footnotes":""},"categories":[15,2961,1],"tags":[35804,4756,12125,7566,2782],"class_list":{"0":"post-131369","1":"post","2":"type-post","3":"status-publish","4":"format-standard","6":"category-destaques","7":"category-nacional","8":"category-sem-categoria","9":"tag-campanha-presidencial","10":"tag-ciro-gomes","11":"tag-eleicoes-2022","12":"tag-pdt","13":"tag-presidente"},"_links":{"self":[{"href":"https:\/\/senoticias.com.br\/se\/wp-json\/wp\/v2\/posts\/131369"}],"collection":[{"href":"https:\/\/senoticias.com.br\/se\/wp-json\/wp\/v2\/posts"}],"about":[{"href":"https:\/\/senoticias.com.br\/se\/wp-json\/wp\/v2\/types\/post"}],"author":[{"embeddable":true,"href":"https:\/\/senoticias.com.br\/se\/wp-json\/wp\/v2\/users\/6557"}],"replies":[{"embeddable":true,"href":"https:\/\/senoticias.com.br\/se\/wp-json\/wp\/v2\/comments?post=131369"}],"version-history":[{"count":0,"href":"https:\/\/senoticias.com.br\/se\/wp-json\/wp\/v2\/posts\/131369\/revisions"}],"wp:attachment":[{"href":"https:\/\/senoticias.com.br\/se\/wp-json\/wp\/v2\/media?parent=131369"}],"wp:term":[{"taxonomy":"category","embeddable":true,"href":"https:\/\/senoticias.com.br\/se\/wp-json\/wp\/v2\/categories?post=131369"},{"taxonomy":"post_tag","embeddable":true,"href":"https:\/\/senoticias.com.br\/se\/wp-json\/wp\/v2\/tags?post=131369"}],"curies":[{"name":"wp","href":"https:\/\/api.w.org\/{rel}","templated":true}]}}