{"id":131319,"date":"2022-01-18T18:57:04","date_gmt":"2022-01-18T21:57:04","guid":{"rendered":"https:\/\/senoticias.com.br\/se\/?p=131319"},"modified":"2022-01-18T18:57:08","modified_gmt":"2022-01-18T21:57:08","slug":"motorista-de-aplicativo-e-executado-dentro-do-carro-em-aracaju","status":"publish","type":"post","link":"https:\/\/senoticias.com.br\/se\/motorista-de-aplicativo-e-executado-dentro-do-carro-em-aracaju\/","title":{"rendered":"Motorista de aplicativo \u00e9 executado dentro do carro em Aracaju"},"content":{"rendered":"\n<p>Um motorista de aplicativo identificado como Sandro de Cruz Santos, de 38 anos, foi executado nas primeiras horas da manh\u00e3 desta ter\u00e7a-feira (18), no Bairro Aruana, Zona de Expans\u00e3o de Aracaju.<\/p>\n\n\n\n<figure class=\"wp-block-image size-large\"><img loading=\"lazy\" decoding=\"async\" width=\"549\" height=\"337\" src=\"https:\/\/senoticias.com.br\/se\/wp-content\/uploads\/2022\/01\/Motorista-de-aplicativo-assassinado-SE-noticias.png\" alt=\"\" class=\"wp-image-131320\" srcset=\"https:\/\/senoticias.com.br\/se\/wp-content\/uploads\/2022\/01\/Motorista-de-aplicativo-assassinado-SE-noticias.png 549w, https:\/\/senoticias.com.br\/se\/wp-content\/uploads\/2022\/01\/Motorista-de-aplicativo-assassinado-SE-noticias-300x184.png 300w\" sizes=\"(max-width: 549px) 100vw, 549px\" \/><\/figure>\n\n\n\n<p>De acordo com a Pol\u00edcia Militar, o profissional, que tamb\u00e9m era vigilante de um centro de compras em constru\u00e7\u00e3o, estava dentro de um ve\u00edculo, quando foi surpreendido por um homem armado. Uma c\u00e2mera de circuito interno de seguran\u00e7a registrou o momento em que o suspeito desce do carro, aborda a v\u00edtima, dispara cerca de cinco disparos e foge logo em seguida.<\/p>\n\n\n\n<p>Peritos do Instituto M\u00e9dico Legal (IML) e de Criminal\u00edstica estiveram no local para realizar levantamentos e o recolhimento do corpo. O Departamento de Homic\u00eddios e Prote\u00e7\u00e3o \u00e0 Pessoa (DHPP) instaurou um inqu\u00e9rito policial a fim de apurar a motiva\u00e7\u00e3o e identificar a autoria do crime.<\/p>\n\n\n\n<p>Quem tiver informa\u00e7\u00f5es acerca da ocorr\u00eancia pode entrar em contato com o Disque-Den\u00fancia, atrav\u00e9s do n\u00famero 181, com sigilo garantido.<\/p>\n\n\n\n<p><em><strong>Quer receber as principais not\u00edcias do<\/strong>&nbsp;<strong>SE Not\u00edcias<\/strong>&nbsp;<strong>no seu<\/strong>&nbsp;<strong>WhatsApp?<\/strong>&nbsp;<strong><a href=\"https:\/\/api.whatsapp.com\/send?phone=5579991715289\">Clique aqui<\/a><\/strong>.<\/em><\/p>\n\n\n\n<p><strong><em>Acompanhe tamb\u00e9m o SE Not\u00edcias no\u00a0<a rel=\"noreferrer noopener\" href=\"https:\/\/twitter.com\/Senoticias\" target=\"_blank\">Twitter<\/a>,\u00a0<a rel=\"noreferrer noopener\" href=\"https:\/\/www.facebook.com\/senoticias1\" target=\"_blank\">Facebook<\/a>\u00a0e no\u00a0<a rel=\"noreferrer noopener\" href=\"https:\/\/www.instagram.com\/senoticias\/\" target=\"_blank\">Instagram<\/a><\/em><\/strong><\/p>\n\n\n\n<p>Fonte: A8SE.com<\/p>\n","protected":false},"excerpt":{"rendered":"<p>Um motorista de aplicativo identificado como Sandro de Cruz Santos, de 38 anos, foi executado nas primeiras horas da manh\u00e3 desta ter\u00e7a-feira (18), no Bairro Aruana, Zona de Expans\u00e3o de Aracaju. De acordo com a Pol\u00edcia Militar, o profissional, que tamb\u00e9m era vigilante de um centro de compras em constru\u00e7\u00e3o, estava dentro de um ve\u00edculo, [&hellip;]<\/p>\n","protected":false},"author":6557,"featured_media":0,"comment_status":"closed","ping_status":"closed","sticky":false,"template":"","format":"standard","meta":{"footnotes":""},"categories":[15,7],"tags":[35774,35775,857],"class_list":{"0":"post-131319","1":"post","2":"type-post","3":"status-publish","4":"format-standard","6":"category-destaques","7":"category-policia","8":"tag-motorista-assassinado","9":"tag-motorista-de-aplicativo-assassinado","10":"tag-violencia"},"_links":{"self":[{"href":"https:\/\/senoticias.com.br\/se\/wp-json\/wp\/v2\/posts\/131319"}],"collection":[{"href":"https:\/\/senoticias.com.br\/se\/wp-json\/wp\/v2\/posts"}],"about":[{"href":"https:\/\/senoticias.com.br\/se\/wp-json\/wp\/v2\/types\/post"}],"author":[{"embeddable":true,"href":"https:\/\/senoticias.com.br\/se\/wp-json\/wp\/v2\/users\/6557"}],"replies":[{"embeddable":true,"href":"https:\/\/senoticias.com.br\/se\/wp-json\/wp\/v2\/comments?post=131319"}],"version-history":[{"count":0,"href":"https:\/\/senoticias.com.br\/se\/wp-json\/wp\/v2\/posts\/131319\/revisions"}],"wp:attachment":[{"href":"https:\/\/senoticias.com.br\/se\/wp-json\/wp\/v2\/media?parent=131319"}],"wp:term":[{"taxonomy":"category","embeddable":true,"href":"https:\/\/senoticias.com.br\/se\/wp-json\/wp\/v2\/categories?post=131319"},{"taxonomy":"post_tag","embeddable":true,"href":"https:\/\/senoticias.com.br\/se\/wp-json\/wp\/v2\/tags?post=131319"}],"curies":[{"name":"wp","href":"https:\/\/api.w.org\/{rel}","templated":true}]}}