{"id":131317,"date":"2022-01-18T18:19:33","date_gmt":"2022-01-18T21:19:33","guid":{"rendered":"https:\/\/senoticias.com.br\/se\/?p=131317"},"modified":"2022-01-18T18:19:40","modified_gmt":"2022-01-18T21:19:40","slug":"sergipe-recebe-novas-doses-de-imunizantes-pediatricos-e-vai-iniciar-vacinacao-de-criancas-sem-comorbidades","status":"publish","type":"post","link":"https:\/\/senoticias.com.br\/se\/sergipe-recebe-novas-doses-de-imunizantes-pediatricos-e-vai-iniciar-vacinacao-de-criancas-sem-comorbidades\/","title":{"rendered":"Sergipe recebe novas doses de imunizantes pedi\u00e1tricos e vai iniciar vacina\u00e7\u00e3o de crian\u00e7as sem comorbidades"},"content":{"rendered":"\n<p>A Secretaria de Estado da Sa\u00fade recebeu (SES) nesta ter\u00e7a-feira, 18, a segunda remessa de imunizantes pedi\u00e1tricos da Pfizer. O lote contendo mais 14.600 doses da vacina contra a Covid-19, chegou ao aeroporto de Aracaju \u00e0s 14h40 e foi encaminhado para acondicionamento na central de abastecimento da SES.<\/p>\n\n\n\n<figure class=\"wp-block-image size-large\"><img loading=\"lazy\" decoding=\"async\" width=\"599\" height=\"423\" src=\"https:\/\/senoticias.com.br\/se\/wp-content\/uploads\/2022\/01\/vacina-senoticias-1-e1642540564237.jpg\" alt=\"\" class=\"wp-image-131318\"\/><figcaption>Foto: Flavia Pacheco<\/figcaption><\/figure>\n\n\n\n<p>Essa nova remessa come\u00e7a a ser distribu\u00edda para as regionais a partir de amanh\u00e3, 19, e contemplar\u00e1 crian\u00e7as com idade de 11 anos sem comorbidades. O primeiro lote de vacinas para o p\u00fablico de 05 a 11 anos foi entregue pelo Minist\u00e9rio da Sa\u00fade na \u00faltima sexta-feira, 14, e distribu\u00edda para os munic\u00edpios sergipanos na manh\u00e3 do dia seguinte. Desse modo, a campanha de imuniza\u00e7\u00e3o das crian\u00e7as teve in\u00edcio ainda no s\u00e1bado, 15 de janeiro. O total de imunizantes pedi\u00e1tricos at\u00e9 o momento \u00e9 de 29.200.<\/p>\n\n\n\n<p>O estado de Sergipe tamb\u00e9m recebeu no in\u00edcio da tarde desta ter\u00e7a-feira, mais uma remessa contendo 78.390 doses de imunobiol\u00f3gicos da Pfizer, essa destinada para aplica\u00e7\u00e3o de segunda dose e dose de refor\u00e7o na popula\u00e7\u00e3o adulta. O total de vacinas encaminhadas pelo Minist\u00e9rio da Sa\u00fade atinge, assim, o quantitativo de 4.233.255 doses.<\/p>\n\n\n\n<p><em><strong>Quer receber as principais not\u00edcias do<\/strong>&nbsp;<strong>SE Not\u00edcias<\/strong>&nbsp;<strong>no seu<\/strong>&nbsp;<strong>WhatsApp?<\/strong>&nbsp;<strong><a href=\"https:\/\/api.whatsapp.com\/send?phone=5579991715289\">Clique aqui<\/a><\/strong>.<\/em><\/p>\n\n\n\n<p><strong><em>Acompanhe tamb\u00e9m o SE Not\u00edcias no&nbsp;<a rel=\"noreferrer noopener\" href=\"https:\/\/twitter.com\/Senoticias\" target=\"_blank\">Twitter<\/a>,&nbsp;<a rel=\"noreferrer noopener\" href=\"https:\/\/www.facebook.com\/senoticias1\" target=\"_blank\">Facebook<\/a>&nbsp;e no&nbsp;<a rel=\"noreferrer noopener\" href=\"https:\/\/www.instagram.com\/senoticias\/\" target=\"_blank\">Instagram<\/a><\/em><\/strong><\/p>\n\n\n\n<p>Fonte: SES<\/p>\n","protected":false},"excerpt":{"rendered":"<p>A Secretaria de Estado da Sa\u00fade recebeu (SES) nesta ter\u00e7a-feira, 18, a segunda remessa de imunizantes pedi\u00e1tricos da Pfizer. O lote contendo mais 14.600 doses da vacina contra a Covid-19, chegou ao aeroporto de Aracaju \u00e0s 14h40 e foi encaminhado para acondicionamento na central de abastecimento da SES. Essa nova remessa come\u00e7a a ser distribu\u00edda [&hellip;]<\/p>\n","protected":false},"author":6557,"featured_media":0,"comment_status":"closed","ping_status":"closed","sticky":false,"template":"","format":"standard","meta":{"footnotes":""},"categories":[15,38],"tags":[16233,558,35765],"class_list":{"0":"post-131317","1":"post","2":"type-post","3":"status-publish","4":"format-standard","6":"category-destaques","7":"category-municipios","8":"tag-covid-19-2","9":"tag-ses","10":"tag-vacinacao-infantil"},"_links":{"self":[{"href":"https:\/\/senoticias.com.br\/se\/wp-json\/wp\/v2\/posts\/131317"}],"collection":[{"href":"https:\/\/senoticias.com.br\/se\/wp-json\/wp\/v2\/posts"}],"about":[{"href":"https:\/\/senoticias.com.br\/se\/wp-json\/wp\/v2\/types\/post"}],"author":[{"embeddable":true,"href":"https:\/\/senoticias.com.br\/se\/wp-json\/wp\/v2\/users\/6557"}],"replies":[{"embeddable":true,"href":"https:\/\/senoticias.com.br\/se\/wp-json\/wp\/v2\/comments?post=131317"}],"version-history":[{"count":0,"href":"https:\/\/senoticias.com.br\/se\/wp-json\/wp\/v2\/posts\/131317\/revisions"}],"wp:attachment":[{"href":"https:\/\/senoticias.com.br\/se\/wp-json\/wp\/v2\/media?parent=131317"}],"wp:term":[{"taxonomy":"category","embeddable":true,"href":"https:\/\/senoticias.com.br\/se\/wp-json\/wp\/v2\/categories?post=131317"},{"taxonomy":"post_tag","embeddable":true,"href":"https:\/\/senoticias.com.br\/se\/wp-json\/wp\/v2\/tags?post=131317"}],"curies":[{"name":"wp","href":"https:\/\/api.w.org\/{rel}","templated":true}]}}