{"id":131244,"date":"2022-01-12T20:19:19","date_gmt":"2022-01-12T23:19:19","guid":{"rendered":"https:\/\/senoticias.com.br\/se\/?p=131244"},"modified":"2022-01-12T20:19:30","modified_gmt":"2022-01-12T23:19:30","slug":"defesa-civil-emite-alerta-para-cidades-ribeirinhas-apos-aumento-de-vazao-do-rio-sao-francisco","status":"publish","type":"post","link":"https:\/\/senoticias.com.br\/se\/defesa-civil-emite-alerta-para-cidades-ribeirinhas-apos-aumento-de-vazao-do-rio-sao-francisco\/","title":{"rendered":"Defesa Civil emite alerta para cidades ribeirinhas ap\u00f3s aumento de vaz\u00e3o do Rio S\u00e3o Francisco"},"content":{"rendered":"\n<p>O Departamento Estadual de Prote\u00e7\u00e3o e Defesa Civil (Depec), vinculado \u00e0 Secretaria de Estado do Desenvolvimento Urbano e Sustentabilidade (Sedurbs), alerta \u00e0s popula\u00e7\u00f5es ribeirinhas, gestores municipais e equipes de Defesa Civil da regi\u00e3o do Baixo S\u00e3o Francisco para o risco de inunda\u00e7\u00e3o, em decorr\u00eancia do aumento da vaz\u00e3o do rio.<\/p>\n\n\n\n<figure class=\"wp-block-image size-large\"><img loading=\"lazy\" decoding=\"async\" width=\"1024\" height=\"576\" src=\"https:\/\/senoticias.com.br\/se\/wp-content\/uploads\/2022\/01\/sao-francisco-se-noticias-1024x576.jpeg\" alt=\"\" class=\"wp-image-131243\"\/><figcaption>\n\nAumento da vaz\u00e3o se deu em virtude da grande quantidade de chuvas ocorridas na Usina Hidrel\u00e9trica Tr\u00eas Marias\/MG e da situa\u00e7\u00e3o de cheia na Bacia do Rio S\u00e3o Francisco\nFoto: Ascom\/Sedurbs\n<\/figcaption><\/figure>\n\n\n\n<p>O aumento da vaz\u00e3o se deu em virtude da grande quantidade de chuvas ocorridas na Usina Hidrel\u00e9trica Tr\u00eas Marias\/MG e da situa\u00e7\u00e3o de cheia na Bacia do Rio S\u00e3o Francisco com a consequente eleva\u00e7\u00e3o da sua aflu\u00eancia.<\/p>\n\n\n\n<p>De acordo com comunicado emitido pela Companhia Hidrel\u00e9trica do S\u00e3o Francisco (Chesf) na \u00faltima ter\u00e7a-feira, 11, \u201cTendo em vista que a Bacia do rio S\u00e3o Francisco vivenciou um longo per\u00edodo de baixa hidraulicidade desde o ano 2009, \u00e9 fundamental chamar aten\u00e7\u00e3o para a import\u00e2ncia da n\u00e3o ocupa\u00e7\u00e3o de \u00e1reas ribeirinhas situadas na calha principal do rio haja vista o per\u00edodo \u00famido em curso e a possibilidade de eleva\u00e7\u00e3o das vaz\u00f5es para valores acima de 4.000m\u00b3\/s, a depender da evolu\u00e7\u00e3o do quadro de chuvas na bacia. Importante destacar que a vaz\u00e3o de restri\u00e7\u00e3o no Vale \u00e9 8.000m\u00b3\/s\u201d.<\/p>\n\n\n\n<p>Devido ao aviso, equipes da Defesa Civil Estadual comunicaram \u00e0s coordenadorias de defesas civis municipais do estado e foram a campo, visitando os 13 munic\u00edpios poss\u00edveis de serem atingidos com a enchente do rio. \u201cEssa regi\u00e3o ser\u00e1 bastante afetada com a eleva\u00e7\u00e3o das \u00e1guas do Rio S\u00e3o Francisco e estamos orientando as comunidades, informando ao poder p\u00fablico municipal atrav\u00e9s dos prefeitos e coordenadores de defesa civil municipais para agir antecipadamente, com a finalidade de antecipar e salvaguardar a vida destas pessoas que fazem usofruto da proximidade do rio, sobretudo as pessoas que moram pr\u00f3ximo ao leito e que tem com\u00e9rcio pr\u00f3ximo ao rio, \u00e9 importante que essas pessoas tenham conhecimento e atitude proativas para se proteger e salvaguardar seu patrim\u00f4nio, e qualquer eventualidade procurar o poder p\u00fablico municipal\u201d, explicou o capit\u00e3o Alysson Carvalho, diretor adjunto da Defesa Civil.<\/p>\n\n\n\n<p>Os munic\u00edpios que dever\u00e3o ficar em alerta s\u00e3o:<br>-Amparo do S\u00e3o Francisco;<br>-Brejo Grande;<br>-Canhoba;<br>-Canind\u00e9 do S\u00e3o Francisco;<br>-Gararu;<br>-Ilha das Flores;<br>-Ne\u00f3polis;<br>-Nossa Senhora de Lourdes;<br>-Po\u00e7o Redondo;<br>-Porto da Folha;<br>-Propri\u00e1;<br>-Santana do S\u00e3o Francisco;<br>-Telha.<\/p>\n\n\n\n<p><em><strong>Quer receber as principais not\u00edcias do<\/strong>&nbsp;<strong>SE Not\u00edcias<\/strong>&nbsp;<strong>no seu<\/strong>&nbsp;<strong>WhatsApp?<\/strong>&nbsp;<strong><a href=\"https:\/\/api.whatsapp.com\/send?phone=5579991715289\">Clique aqui<\/a><\/strong>.<\/em><\/p>\n\n\n\n<p><strong><em>Acompanhe tamb\u00e9m o SE Not\u00edcias no\u00a0<a rel=\"noreferrer noopener\" href=\"https:\/\/twitter.com\/Senoticias\" target=\"_blank\">Twitter<\/a>,\u00a0<a rel=\"noreferrer noopener\" href=\"https:\/\/www.facebook.com\/senoticias1\" target=\"_blank\">Facebook<\/a>\u00a0e no\u00a0<a rel=\"noreferrer noopener\" href=\"https:\/\/www.instagram.com\/senoticias\/\" target=\"_blank\">Instagram<\/a><\/em><\/strong><\/p>\n\n\n\n<p>Fonte: Ag\u00eancia Sergipe<\/p>\n","protected":false},"excerpt":{"rendered":"<p>O Departamento Estadual de Prote\u00e7\u00e3o e Defesa Civil (Depec), vinculado \u00e0 Secretaria de Estado do Desenvolvimento Urbano e Sustentabilidade (Sedurbs), alerta \u00e0s popula\u00e7\u00f5es ribeirinhas, gestores municipais e equipes de Defesa Civil da regi\u00e3o do Baixo S\u00e3o Francisco para o risco de inunda\u00e7\u00e3o, em decorr\u00eancia do aumento da vaz\u00e3o do rio. O aumento da vaz\u00e3o se [&hellip;]<\/p>\n","protected":false},"author":6557,"featured_media":0,"comment_status":"closed","ping_status":"closed","sticky":false,"template":"","format":"standard","meta":{"footnotes":""},"categories":[15,38],"tags":[4563,6314,3933],"class_list":{"0":"post-131244","1":"post","2":"type-post","3":"status-publish","4":"format-standard","6":"category-destaques","7":"category-municipios","8":"tag-alerta","9":"tag-defesa-civil","10":"tag-rio-sao-francisco"},"_links":{"self":[{"href":"https:\/\/senoticias.com.br\/se\/wp-json\/wp\/v2\/posts\/131244"}],"collection":[{"href":"https:\/\/senoticias.com.br\/se\/wp-json\/wp\/v2\/posts"}],"about":[{"href":"https:\/\/senoticias.com.br\/se\/wp-json\/wp\/v2\/types\/post"}],"author":[{"embeddable":true,"href":"https:\/\/senoticias.com.br\/se\/wp-json\/wp\/v2\/users\/6557"}],"replies":[{"embeddable":true,"href":"https:\/\/senoticias.com.br\/se\/wp-json\/wp\/v2\/comments?post=131244"}],"version-history":[{"count":0,"href":"https:\/\/senoticias.com.br\/se\/wp-json\/wp\/v2\/posts\/131244\/revisions"}],"wp:attachment":[{"href":"https:\/\/senoticias.com.br\/se\/wp-json\/wp\/v2\/media?parent=131244"}],"wp:term":[{"taxonomy":"category","embeddable":true,"href":"https:\/\/senoticias.com.br\/se\/wp-json\/wp\/v2\/categories?post=131244"},{"taxonomy":"post_tag","embeddable":true,"href":"https:\/\/senoticias.com.br\/se\/wp-json\/wp\/v2\/tags?post=131244"}],"curies":[{"name":"wp","href":"https:\/\/api.w.org\/{rel}","templated":true}]}}