{"id":131231,"date":"2022-01-11T21:13:50","date_gmt":"2022-01-12T00:13:50","guid":{"rendered":"https:\/\/senoticias.com.br\/se\/?p=131231"},"modified":"2022-01-11T21:31:02","modified_gmt":"2022-01-12T00:31:02","slug":"justica-federal-determina-que-ufs-passe-a-exigir-comprovante-de-vacinacao-contra-a-covid-19","status":"publish","type":"post","link":"https:\/\/senoticias.com.br\/se\/justica-federal-determina-que-ufs-passe-a-exigir-comprovante-de-vacinacao-contra-a-covid-19\/","title":{"rendered":"Justi\u00e7a Federal determina que UFS passe a exigir comprovante de vacina\u00e7\u00e3o contra a Covid-19"},"content":{"rendered":"\n<p>A Justi\u00e7a Federal determinou que a Universidade Federal de Sergipe (UFS) passe a exigir o comprovante de vacina\u00e7\u00e3o contra a Covid-19.A A\u00e7\u00e3o P\u00fablica foi ajuizada pelo Sindicato dos Trabalhadores T\u00e9cnico-Administrativos em Educa\u00e7\u00e3o da Universidade Federal de Sergipe (Sintufs).<\/p>\n\n\n\n<figure class=\"wp-block-image size-large\"><img loading=\"lazy\" decoding=\"async\" width=\"550\" height=\"345\" src=\"https:\/\/senoticias.com.br\/se\/wp-content\/uploads\/2021\/09\/UFS-Se-Noticias.jpg\" alt=\"\" class=\"wp-image-129723\" srcset=\"https:\/\/senoticias.com.br\/se\/wp-content\/uploads\/2021\/09\/UFS-Se-Noticias.jpg 550w, https:\/\/senoticias.com.br\/se\/wp-content\/uploads\/2021\/09\/UFS-Se-Noticias-300x188.jpg 300w, https:\/\/senoticias.com.br\/se\/wp-content\/uploads\/2021\/09\/UFS-Se-Noticias-120x76.jpg 120w, https:\/\/senoticias.com.br\/se\/wp-content\/uploads\/2021\/09\/UFS-Se-Noticias-274x173.jpg 274w, https:\/\/senoticias.com.br\/se\/wp-content\/uploads\/2021\/09\/UFS-Se-Noticias-308x192.jpg 308w\" sizes=\"(max-width: 550px) 100vw, 550px\" \/><figcaption> A UFS informou que ainda n\u00e3o foi notificada da decis\u00e3o (Foto: UFS\/Arquivo) <\/figcaption><\/figure>\n\n\n\n<p>A decis\u00e3o do juiz titular da 3\u00aa Vara Federal de Sergipe, Edmilson da Silva Pimenta, assinada nesta segunda-feira (10), foi baseada no entendimento do Supremo Tribunal Federal (STF) de que \u00e9 leg\u00edtima a imposi\u00e7\u00e3o de medidas indutoras de vacina\u00e7\u00e3o obrigat\u00f3ria contra a Covid-19, inclusive a ado\u00e7\u00e3o de meios indiretos, como a restri\u00e7\u00e3o de ingresso de n\u00e3o vacinados a determinados locais, em respeito aos princ\u00edpios da preven\u00e7\u00e3o e da precau\u00e7\u00e3o.<\/p>\n\n\n\n<p>O magistrado citou ainda o perigo de dano, em virtude da proximidade do retorno das aulas presenciais, com a consequente presen\u00e7a de professores, servidores, alunos, terceirizados, prestadores de servi\u00e7os e o p\u00fablico em geral que procura a institui\u00e7\u00e3o para obten\u00e7\u00e3o de servi\u00e7os.<\/p>\n\n\n\n<p>Al\u00e9m disso, ele citou que o pa\u00eds est\u00e1 vivendo, tamb\u00e9m, um surto de infec\u00e7\u00e3o pelo V\u00edrus H3N2 (subtipo do v\u00edrus influenza), cuja transmiss\u00e3o tamb\u00e9m pode se dar por meio de aglomera\u00e7\u00f5es de pessoas.<\/p>\n\n\n\n<p><strong>O que diz a UFS<\/strong><\/p>\n\n\n\n<p>A Universidade Federal de Sergipe (UFS) informou que ainda n\u00e3o recebeu a notifica\u00e7\u00e3o oficial sobre a decis\u00e3o da Justi\u00e7a Federal a respeito da obrigatoriedade de apresenta\u00e7\u00e3o do comprovante de vacina para acesso \u00e0 universidade. Contudo, ressalta que, em face da decis\u00e3o do ministro do STF, Ricardo Lewandowski, a gest\u00e3o superior da UFS j\u00e1 havia agendado reuni\u00e3o para essa quarta-feira (12), com os diretores de Centro\/Campus para apreciar proposta de altera\u00e7\u00e3o da Resolu\u00e7\u00e3o N\u00ba 41\/2021\/Conepe, com o objetivo de incluir a obrigatoriedade do comprovante vacinal. A proposta ser\u00e1 ponto de pauta de reuni\u00e3o extraordin\u00e1ria do Conepe, prevista para ocorrer no dia 19 do m\u00eas corrente.<\/p>\n\n\n\n<p><em><strong>Quer receber as principais not\u00edcias do<\/strong>&nbsp;<strong>SE Not\u00edcias<\/strong>&nbsp;<strong>no seu<\/strong>&nbsp;<strong>WhatsApp?<\/strong>&nbsp;<strong><a href=\"https:\/\/api.whatsapp.com\/send?phone=5579991715289\">Clique aqui<\/a><\/strong>.<\/em><\/p>\n\n\n\n<p><strong><em>Acompanhe tamb\u00e9m o SE Not\u00edcias no&nbsp;<a rel=\"noreferrer noopener\" href=\"https:\/\/twitter.com\/Senoticias\" target=\"_blank\">Twitter<\/a>,&nbsp;<a rel=\"noreferrer noopener\" href=\"https:\/\/www.facebook.com\/senoticias1\" target=\"_blank\">Facebook<\/a>&nbsp;e no&nbsp;<a rel=\"noreferrer noopener\" href=\"https:\/\/www.instagram.com\/senoticias\/\" target=\"_blank\">Instagram<\/a><\/em><\/strong><\/p>\n\n\n\n<p>Fonte: <strong><a href=\"https:\/\/g1.globo.com\/se\/sergipe\/noticia\/2022\/01\/11\/justica-federal-determina-que-ufs-passe-a-exigir-comprovante-de-vacinacao-contra-a-covid-19.ghtml\">G1<\/a><\/strong> SE<\/p>\n","protected":false},"excerpt":{"rendered":"<p>A Justi\u00e7a Federal determinou que a Universidade Federal de Sergipe (UFS) passe a exigir o comprovante de vacina\u00e7\u00e3o contra a Covid-19.A A\u00e7\u00e3o P\u00fablica foi ajuizada pelo Sindicato dos Trabalhadores T\u00e9cnico-Administrativos em Educa\u00e7\u00e3o da Universidade Federal de Sergipe (Sintufs). A decis\u00e3o do juiz titular da 3\u00aa Vara Federal de Sergipe, Edmilson da Silva Pimenta, assinada nesta [&hellip;]<\/p>\n","protected":false},"author":6557,"featured_media":0,"comment_status":"closed","ping_status":"closed","sticky":false,"template":"","format":"standard","meta":{"footnotes":""},"categories":[15,6,1],"tags":[35111,14279,14369,2299],"class_list":{"0":"post-131231","1":"post","2":"type-post","3":"status-publish","4":"format-standard","6":"category-destaques","7":"category-politica","8":"category-sem-categoria","9":"tag-comprovante-de-vacinacao","10":"tag-covid19","11":"tag-pandemia","12":"tag-ufs"},"_links":{"self":[{"href":"https:\/\/senoticias.com.br\/se\/wp-json\/wp\/v2\/posts\/131231"}],"collection":[{"href":"https:\/\/senoticias.com.br\/se\/wp-json\/wp\/v2\/posts"}],"about":[{"href":"https:\/\/senoticias.com.br\/se\/wp-json\/wp\/v2\/types\/post"}],"author":[{"embeddable":true,"href":"https:\/\/senoticias.com.br\/se\/wp-json\/wp\/v2\/users\/6557"}],"replies":[{"embeddable":true,"href":"https:\/\/senoticias.com.br\/se\/wp-json\/wp\/v2\/comments?post=131231"}],"version-history":[{"count":0,"href":"https:\/\/senoticias.com.br\/se\/wp-json\/wp\/v2\/posts\/131231\/revisions"}],"wp:attachment":[{"href":"https:\/\/senoticias.com.br\/se\/wp-json\/wp\/v2\/media?parent=131231"}],"wp:term":[{"taxonomy":"category","embeddable":true,"href":"https:\/\/senoticias.com.br\/se\/wp-json\/wp\/v2\/categories?post=131231"},{"taxonomy":"post_tag","embeddable":true,"href":"https:\/\/senoticias.com.br\/se\/wp-json\/wp\/v2\/tags?post=131231"}],"curies":[{"name":"wp","href":"https:\/\/api.w.org\/{rel}","templated":true}]}}