{"id":131204,"date":"2022-01-10T08:55:53","date_gmt":"2022-01-10T11:55:53","guid":{"rendered":"https:\/\/senoticias.com.br\/se\/?p=131204"},"modified":"2022-01-10T08:56:02","modified_gmt":"2022-01-10T11:56:02","slug":"gal-costa-esta-de-volta-a-aracaju-com-novo-show-as-varias-pontas-de-uma-estrela","status":"publish","type":"post","link":"https:\/\/senoticias.com.br\/se\/gal-costa-esta-de-volta-a-aracaju-com-novo-show-as-varias-pontas-de-uma-estrela\/","title":{"rendered":"Gal Costa est\u00e1 de volta a Aracaju com novo show \u2018As V\u00e1rias Pontas de uma Estrela\u2019"},"content":{"rendered":"\n<p>Depois do grande sucesso da turn\u00ea de \u2018A Pele do Futuro\u2019, Gal Costa est\u00e1 de volta a Aracaju com seu novo show \u2018As V\u00e1rias Pontas de uma Estrela\u2019 que celebra os 56 anos da carreira fonogr\u00e1fica da artista que vai se apresentar no Teatro Tobias Barreto, a partir das 21h do dia 12 de fevereiro. A classifica\u00e7\u00e3o para a apresenta\u00e7\u00e3o \u00e9 Livre e os ingressos est\u00e3o com pre\u00e7os acess\u00edveis para todos os p\u00fablicos. Para ter acesso ao show \u00e9 necess\u00e1rio apresentar a comprova\u00e7\u00e3o da vacina\u00e7\u00e3o contra a Covid-19.<\/p>\n\n\n\n<figure class=\"wp-block-image size-large\"><img loading=\"lazy\" decoding=\"async\" width=\"552\" height=\"368\" src=\"https:\/\/senoticias.com.br\/se\/wp-content\/uploads\/2022\/01\/Gal-Costa.png\" alt=\"\" class=\"wp-image-131205\" srcset=\"https:\/\/senoticias.com.br\/se\/wp-content\/uploads\/2022\/01\/Gal-Costa.png 552w, https:\/\/senoticias.com.br\/se\/wp-content\/uploads\/2022\/01\/Gal-Costa-300x200.png 300w, https:\/\/senoticias.com.br\/se\/wp-content\/uploads\/2022\/01\/Gal-Costa-90x60.png 90w, https:\/\/senoticias.com.br\/se\/wp-content\/uploads\/2022\/01\/Gal-Costa-180x120.png 180w, https:\/\/senoticias.com.br\/se\/wp-content\/uploads\/2022\/01\/Gal-Costa-95x64.png 95w\" sizes=\"(max-width: 552px) 100vw, 552px\" \/><figcaption><strong>Gal Costa est\u00e1 de volta a Aracaju<\/strong> &#8211; Foto: divulga\u00e7\u00e3o<\/figcaption><\/figure>\n\n\n\n<p>Em \u2018As V\u00e1rias Pontas de uma Estrela\u2019, Gal se debru\u00e7a sobre as rela\u00e7\u00f5es entre o riqu\u00edssimo repert\u00f3rio que ela pr\u00f3pria apresentou ao Brasil, repleto de hits e obras-primas, e a obra monumental de Milton Nascimento.<\/p>\n\n\n\n<p>Est\u00e3o presentes no repert\u00f3rio do novo show, can\u00e7\u00f5es do autor mineiro j\u00e1 gravadas por Gal e cl\u00e1ssicos do repert\u00f3rio da cantora compostos por nomes como Chico Buarque, Caetano Veloso, Dorival Caymmi e Tom Jobim. O roteiro tamb\u00e9m inclui surpresas e lados B da discografia de Gal Costa, iniciada em 1965 com o compacto &#8220;Maria da Gra\u00e7a&#8221;. A dire\u00e7\u00e3o do espet\u00e1culo \u00e9 assinada por Marcus Preto.<\/p>\n\n\n\n<p>Durante a pandemia, Gal testou o formato de piano, baixo e bateria &#8211; trocando o acompanhamento de viol\u00e3o pelo piano. E est\u00e1 adorando cantar sobre essa cama. A banda, portanto, \u00e9 formada por F\u00e1bio S\u00e1 (baixo el\u00e9trico e ac\u00fastico), Andr\u00e9 Lima (teclados) e Victor Cabral (bateria e percuss\u00e3o).<\/p>\n\n\n\n<p><strong>Ingressos<\/strong><br><br>Os ingressos est\u00e3o sendo vendidos com pre\u00e7os promocionais, a partir de R$ 50 (para quem tem direito ao Vale Cultura) na Bilheteria do Teatro Tobias Barreto ou atrav\u00e9s do site guicheweb.com.br\/gal-costa_15781. A inteira custa R$ 250 e a meia, R$ 125. Outras informa\u00e7\u00f5es atrav\u00e9s do n\u00famero (79) 3179-1490.<\/p>\n\n\n\n<p><em><strong>Quer receber as principais not\u00edcias do<\/strong>&nbsp;<strong>SE Not\u00edcias<\/strong>&nbsp;<strong>no seu<\/strong>&nbsp;<strong>WhatsApp?<\/strong>&nbsp;<strong><a href=\"https:\/\/api.whatsapp.com\/send?phone=5579991715289\">Clique aqui<\/a><\/strong>.<\/em><\/p>\n\n\n\n<p><strong><em>Acompanhe tamb\u00e9m o SE Not\u00edcias no\u00a0<a rel=\"noreferrer noopener\" href=\"https:\/\/twitter.com\/Senoticias\" target=\"_blank\">Twitter<\/a>,\u00a0<a rel=\"noreferrer noopener\" href=\"https:\/\/www.facebook.com\/senoticias1\" target=\"_blank\">Facebook<\/a>\u00a0e no\u00a0<a rel=\"noreferrer noopener\" href=\"https:\/\/www.instagram.com\/senoticias\/\" target=\"_blank\">Instagram<\/a><\/em><\/strong><\/p>\n\n\n\n<p>Fonte: assessoria de imprensa<\/p>\n","protected":false},"excerpt":{"rendered":"<p>Depois do grande sucesso da turn\u00ea de \u2018A Pele do Futuro\u2019, Gal Costa est\u00e1 de volta a Aracaju com seu novo show \u2018As V\u00e1rias Pontas de uma Estrela\u2019 que celebra os 56 anos da carreira fonogr\u00e1fica da artista que vai se apresentar no Teatro Tobias Barreto, a partir das 21h do dia 12 de fevereiro. [&hellip;]<\/p>\n","protected":false},"author":6557,"featured_media":0,"comment_status":"closed","ping_status":"closed","sticky":false,"template":"","format":"standard","meta":{"footnotes":""},"categories":[15,21],"tags":[13828,35731,648],"class_list":{"0":"post-131204","1":"post","2":"type-post","3":"status-publish","4":"format-standard","6":"category-destaques","7":"category-entretenimento","8":"tag-gal-costa","9":"tag-pontas-de-uma-estrela","10":"tag-show"},"_links":{"self":[{"href":"https:\/\/senoticias.com.br\/se\/wp-json\/wp\/v2\/posts\/131204"}],"collection":[{"href":"https:\/\/senoticias.com.br\/se\/wp-json\/wp\/v2\/posts"}],"about":[{"href":"https:\/\/senoticias.com.br\/se\/wp-json\/wp\/v2\/types\/post"}],"author":[{"embeddable":true,"href":"https:\/\/senoticias.com.br\/se\/wp-json\/wp\/v2\/users\/6557"}],"replies":[{"embeddable":true,"href":"https:\/\/senoticias.com.br\/se\/wp-json\/wp\/v2\/comments?post=131204"}],"version-history":[{"count":0,"href":"https:\/\/senoticias.com.br\/se\/wp-json\/wp\/v2\/posts\/131204\/revisions"}],"wp:attachment":[{"href":"https:\/\/senoticias.com.br\/se\/wp-json\/wp\/v2\/media?parent=131204"}],"wp:term":[{"taxonomy":"category","embeddable":true,"href":"https:\/\/senoticias.com.br\/se\/wp-json\/wp\/v2\/categories?post=131204"},{"taxonomy":"post_tag","embeddable":true,"href":"https:\/\/senoticias.com.br\/se\/wp-json\/wp\/v2\/tags?post=131204"}],"curies":[{"name":"wp","href":"https:\/\/api.w.org\/{rel}","templated":true}]}}