{"id":131202,"date":"2022-01-09T19:11:29","date_gmt":"2022-01-09T22:11:29","guid":{"rendered":"https:\/\/senoticias.com.br\/se\/?p=131202"},"modified":"2022-01-10T16:03:39","modified_gmt":"2022-01-10T19:03:39","slug":"sergipe-registra-uma-morte-e-129-casos-de-covid-19-neste-domingo","status":"publish","type":"post","link":"https:\/\/senoticias.com.br\/se\/sergipe-registra-uma-morte-e-129-casos-de-covid-19-neste-domingo\/","title":{"rendered":"Covid-19: Sergipe registra mais 258 casos e dois \u00f3bitos durante final de semana"},"content":{"rendered":"\n<p>Os \u00faltimos boletins epidemiol\u00f3gicos de Sergipe, divulgados neste final de semana, registraram mais 258 casos da Covid-19 e dois \u00f3bitos confirmados ap\u00f3s investiga\u00e7\u00e3o. A v\u00edtima do munic\u00edpio de Laranjeiras trata-se de uma mulher de 39 anos, com hist\u00f3rico cl\u00ednico de neoplasia. Outra mulher de 70 anos, com hipertens\u00e3o e diabetes, moradora de Umba\u00faba, tamb\u00e9m morreu decorrente de complica\u00e7\u00f5es da doen\u00e7a.<\/p>\n\n\n\n<p>As \u00faltimas informa\u00e7\u00f5es sobre UTIs e enfermarias nas unidades de sa\u00fade de Sergipe apontam que est\u00e3o internados no momento 19 pacientes. S\u00e3o 13 na rede p\u00fablica e seis na rede privada.<\/p>\n\n\n\n<figure class=\"wp-block-image size-large\"><img loading=\"lazy\" decoding=\"async\" width=\"560\" height=\"374\" src=\"https:\/\/senoticias.com.br\/se\/wp-content\/uploads\/2021\/06\/Covid19-SE-Noticias.jpg\" alt=\"\" class=\"wp-image-128475\" srcset=\"https:\/\/senoticias.com.br\/se\/wp-content\/uploads\/2021\/06\/Covid19-SE-Noticias.jpg 560w, https:\/\/senoticias.com.br\/se\/wp-content\/uploads\/2021\/06\/Covid19-SE-Noticias-300x200.jpg 300w, https:\/\/senoticias.com.br\/se\/wp-content\/uploads\/2021\/06\/Covid19-SE-Noticias-90x60.jpg 90w, https:\/\/senoticias.com.br\/se\/wp-content\/uploads\/2021\/06\/Covid19-SE-Noticias-180x120.jpg 180w, https:\/\/senoticias.com.br\/se\/wp-content\/uploads\/2021\/06\/Covid19-SE-Noticias-95x64.jpg 95w\" sizes=\"(max-width: 560px) 100vw, 560px\" \/><figcaption>Desde o in\u00edcio da pandemia, 278.557 pessoas testaram positivo para a doen\u00e7a e 6.059 morreram  &#8211; Foto: arquivo\/Abr<\/figcaption><\/figure>\n\n\n\n<p><\/p>\n\n\n\n<p>A informa\u00e7\u00e3o foi confirmada pela Secretaria de Estado da Sa\u00fade (SES), que monitora os \u00edndices da contamina\u00e7\u00e3o no estado. No total, 278.943 pessoas testaram positivo para o v\u00edrus e 6.062 morreram.<\/p>\n\n\n\n<p>Em rela\u00e7\u00e3o \u00e0 ocupa\u00e7\u00e3o nas unidades de sa\u00fade, a rede p\u00fablica conta com 13 pacientes internados; enquanto na rede privada s\u00e3o seis leitos ocupados.<\/p>\n\n\n\n<p><strong>Vacina\u00e7\u00e3o<\/strong><\/p>\n\n\n\n<p>Foram enviadas aos munic\u00edpios 3.830.296 doses. Destas, 1.750.784 foram aplicadas como primeira dose; 1.527.144 como segunda dose; 40.125 como dose \u00fanica e 228.890 como dose de refor\u00e7o. A cobertura vacinal de primeira dose est\u00e1 em 77,23% e 67,59% est\u00e3o com a imuniza\u00e7\u00e3o completa.<\/p>\n\n\n\n<p>Mais detalhes sobre o novo boletim epidemiol\u00f3gico da Covid-19 em sergipecontraocoronavirus.net.br.<\/p>\n\n\n\n<p><em><strong>Quer receber as principais not\u00edcias do<\/strong>&nbsp;<strong>SE Not\u00edcias<\/strong>&nbsp;<strong>no seu<\/strong>&nbsp;<strong>WhatsApp?<\/strong>&nbsp;<strong><a href=\"https:\/\/api.whatsapp.com\/send?phone=5579991715289\">Clique aqui<\/a><\/strong>.<\/em><\/p>\n\n\n\n<p><strong><em>Acompanhe tamb\u00e9m o SE Not\u00edcias no&nbsp;<a rel=\"noreferrer noopener\" href=\"https:\/\/twitter.com\/Senoticias\" target=\"_blank\">Twitter<\/a>,&nbsp;<a rel=\"noreferrer noopener\" href=\"https:\/\/www.facebook.com\/senoticias1\" target=\"_blank\">Facebook<\/a>&nbsp;e no&nbsp;<a rel=\"noreferrer noopener\" href=\"https:\/\/www.instagram.com\/senoticias\/\" target=\"_blank\">Instagram<\/a><\/em><\/strong><\/p>\n\n\n\n<p>Fonte: A8SE<\/p>\n","protected":false},"excerpt":{"rendered":"<p>Os \u00faltimos boletins epidemiol\u00f3gicos de Sergipe, divulgados neste final de semana, registraram mais 258 casos da Covid-19 e dois \u00f3bitos confirmados ap\u00f3s investiga\u00e7\u00e3o. A v\u00edtima do munic\u00edpio de Laranjeiras trata-se de uma mulher de 39 anos, com hist\u00f3rico cl\u00ednico de neoplasia. Outra mulher de 70 anos, com hipertens\u00e3o e diabetes, moradora de Umba\u00faba, tamb\u00e9m morreu [&hellip;]<\/p>\n","protected":false},"author":6557,"featured_media":0,"comment_status":"closed","ping_status":"closed","sticky":false,"template":"","format":"standard","meta":{"footnotes":""},"categories":[15,6],"tags":[14279,14853,14369],"class_list":{"0":"post-131202","1":"post","2":"type-post","3":"status-publish","4":"format-standard","6":"category-destaques","7":"category-politica","8":"tag-covid19","9":"tag-mortes-por-covid19","10":"tag-pandemia"},"_links":{"self":[{"href":"https:\/\/senoticias.com.br\/se\/wp-json\/wp\/v2\/posts\/131202"}],"collection":[{"href":"https:\/\/senoticias.com.br\/se\/wp-json\/wp\/v2\/posts"}],"about":[{"href":"https:\/\/senoticias.com.br\/se\/wp-json\/wp\/v2\/types\/post"}],"author":[{"embeddable":true,"href":"https:\/\/senoticias.com.br\/se\/wp-json\/wp\/v2\/users\/6557"}],"replies":[{"embeddable":true,"href":"https:\/\/senoticias.com.br\/se\/wp-json\/wp\/v2\/comments?post=131202"}],"version-history":[{"count":0,"href":"https:\/\/senoticias.com.br\/se\/wp-json\/wp\/v2\/posts\/131202\/revisions"}],"wp:attachment":[{"href":"https:\/\/senoticias.com.br\/se\/wp-json\/wp\/v2\/media?parent=131202"}],"wp:term":[{"taxonomy":"category","embeddable":true,"href":"https:\/\/senoticias.com.br\/se\/wp-json\/wp\/v2\/categories?post=131202"},{"taxonomy":"post_tag","embeddable":true,"href":"https:\/\/senoticias.com.br\/se\/wp-json\/wp\/v2\/tags?post=131202"}],"curies":[{"name":"wp","href":"https:\/\/api.w.org\/{rel}","templated":true}]}}