{"id":131171,"date":"2022-01-06T14:48:47","date_gmt":"2022-01-06T17:48:47","guid":{"rendered":"https:\/\/senoticias.com.br\/se\/?p=131171"},"modified":"2022-01-06T14:50:31","modified_gmt":"2022-01-06T17:50:31","slug":"laercio-oliveira-eu-quero-ser-pre-candidato-a-governador-de-sergipe","status":"publish","type":"post","link":"https:\/\/senoticias.com.br\/se\/laercio-oliveira-eu-quero-ser-pre-candidato-a-governador-de-sergipe\/","title":{"rendered":"La\u00e9rcio Oliveira: \u201cEu quero ser pr\u00e9-candidato a governador de Sergipe\u201d"},"content":{"rendered":"\n<p>O deputado federal La\u00e9rcio Oliveira (PP) iniciou o ano de 2022 reafirmando seu desejo de disputar uma vaga na chapa majorit\u00e1ria nas elei\u00e7\u00f5es deste ano. Foi durante uma entrevista \u00e0 R\u00e1dio Jornal, ocorrida na manh\u00e3 desta quinta-feira, 6. \u201cJ\u00e1 disse v\u00e1rias vezes: eu quero ser governador de Sergipe. Todos os meus movimentos me direcionam para o desejo de ser o escolhido do meu agrupamento pol\u00edtico. Essa \u00e9 a minha disposi\u00e7\u00e3o. Por\u00e9m, jamais haver\u00e1 da minha parte a dissolu\u00e7\u00e3o desse bloco\u201d, afirmou o deputado.<\/p>\n\n\n\n<figure class=\"wp-block-image size-large\"><img loading=\"lazy\" decoding=\"async\" width=\"576\" height=\"432\" src=\"https:\/\/senoticias.com.br\/se\/wp-content\/uploads\/2022\/01\/Deputado-Laercio-Oliveira-SE-Noticias.jpg\" alt=\"\" class=\"wp-image-131172\" srcset=\"https:\/\/senoticias.com.br\/se\/wp-content\/uploads\/2022\/01\/Deputado-Laercio-Oliveira-SE-Noticias.jpg 576w, https:\/\/senoticias.com.br\/se\/wp-content\/uploads\/2022\/01\/Deputado-Laercio-Oliveira-SE-Noticias-300x225.jpg 300w, https:\/\/senoticias.com.br\/se\/wp-content\/uploads\/2022\/01\/Deputado-Laercio-Oliveira-SE-Noticias-45x35.jpg 45w\" sizes=\"(max-width: 576px) 100vw, 576px\" \/><figcaption>Deputado Federal La\u00e9rcio Oliveira (PP) &#8211; Foto: divulga\u00e7\u00e3o\/ascom<\/figcaption><\/figure>\n\n\n\n<p>Segundo ele, todos os membros que participam do agrupamento t\u00eam convic\u00e7\u00e3o plena que a uni\u00e3o \u00e9 o caminho para vencer as elei\u00e7\u00f5es. \u201cA gente quer eleger o governador, o senador, a maioria da bancada federal e a maioria da bancada na Assembleia Legislativa. A unidade do grupo \u00e9 que permitir\u00e1 essa conquista. Para isso, n\u00f3s precisamos ter consci\u00eancia daquilo que n\u00f3s somos capazes de fazer e daquilo que vamos conseguir realizar em favor da popula\u00e7\u00e3o do Estado. Mas, acima de tudo, no convencimento dos eleitores da capacidade de cada um\u201d, comentou La\u00e9rcio.<\/p>\n\n\n\n<p>\u201cEu sou muito satisfeito porque o meu agrupamento tem v\u00e1rios nomes, por isso eu coloquei a minha disposi\u00e7\u00e3o na primeira reuni\u00e3o com o governador Belivaldo Chagas. Cada um tem um desejo e a gente precisa respeitar a vontade de todos e construir uma unidade. Eu quero ser pr\u00e9-candidato a governador do Estado, mas n\u00e3o ir\u00e1 prevalecer o \u2018eu\u2019, e sim o \u2018n\u00f3s\u2019. Se dentro do nosso agrupamento pol\u00edtico a gente identificar algu\u00e9m que tenha mais capacidade, que assim seja, e eu serei pr\u00e9-candidato a senador\u201d, afirmou.<\/p>\n\n\n\n<p>La\u00e9rcio revelou que muitas pessoas o provocam no sentido de uma ruptura com o agrupamento que ele faz parte, caso o seu nome n\u00e3o seja o escolhido. O deputado afirmou que isso se deve \u00e0 sua capacidade pol\u00edtica, suas realiza\u00e7\u00f5es, sua conduta com muita retid\u00e3o e respeito com todos. \u201cAs pessoas identificam isso como um potencial muito grande e que eu poderia disputar uma pr\u00e9-candidatura ao governo ou ao senado em qualquer outro bloco pol\u00edtico, mas eu quero afirmar que aprendi logo cedo que pol\u00edtica \u00e9 uma constru\u00e7\u00e3o de for\u00e7as, fidelidade e uni\u00e3o com outras pessoas, ningu\u00e9m \u00e9 forte sozinho. Eu n\u00e3o preciso da pol\u00edtica para viver, eu quero estar na pol\u00edtica para fazer uma presta\u00e7\u00e3o de servi\u00e7o \u00e0 sociedade\u201d, disse.<\/p>\n\n\n\n<p><strong>Nova sede do Senac<\/strong><\/p>\n\n\n\n<p>Durante a entrevista, La\u00e9rcio Oliveira, que tamb\u00e9m \u00e9 presidente do Sistema Fecom\u00e9rcio, comentou sobre a inaugura\u00e7\u00e3o do novo pr\u00e9dio do Senac Aracaju, que ocorrer\u00e1 no pr\u00f3ximo dia 10 de janeiro. A reforma ampliou a atual unidade, aumentou a \u00e1rea \u00fatil do pr\u00e9dio e trouxe modernidade \u00e0 edifica\u00e7\u00e3o, em um investimento de mais de R$ 3,5 milh\u00f5es.<\/p>\n\n\n\n<p>Com a reforma, a sede do Senac ganhou uma fachada moderna e melhorou a capacidade ambiental de trabalho dos 82 colaboradores do setor administrativo. No edif\u00edcio, tamb\u00e9m foram constru\u00eddas amplas cozinhas-did\u00e1ticas ampliando a capacidade para receber alunos, equipadas com o que h\u00e1 de mais moderno no segmento de ensino gastron\u00f4mico.<\/p>\n\n\n\n<p><em><strong>Quer receber as principais not\u00edcias do<\/strong>&nbsp;<strong>SE Not\u00edcias<\/strong>&nbsp;<strong>no seu<\/strong>&nbsp;<strong>WhatsApp?<\/strong>&nbsp;<strong><a href=\"https:\/\/api.whatsapp.com\/send?phone=5579991715289\">Clique aqui<\/a><\/strong>.<\/em><\/p>\n\n\n\n<p><strong><em>Acompanhe tamb\u00e9m o SE Not\u00edcias no\u00a0<a rel=\"noreferrer noopener\" href=\"https:\/\/twitter.com\/Senoticias\" target=\"_blank\">Twitter<\/a>,\u00a0<a rel=\"noreferrer noopener\" href=\"https:\/\/www.facebook.com\/senoticias1\" target=\"_blank\">Facebook<\/a>\u00a0e no\u00a0<a rel=\"noreferrer noopener\" href=\"https:\/\/www.instagram.com\/senoticias\/\" target=\"_blank\">Instagram<\/a><\/em><\/strong><\/p>\n\n\n\n<p>Fonte: ascom\/L\u00e1ercio Oliveira<\/p>\n","protected":false},"excerpt":{"rendered":"<p>O deputado federal La\u00e9rcio Oliveira (PP) iniciou o ano de 2022 reafirmando seu desejo de disputar uma vaga na chapa majorit\u00e1ria nas elei\u00e7\u00f5es deste ano. Foi durante uma entrevista \u00e0 R\u00e1dio Jornal, ocorrida na manh\u00e3 desta quinta-feira, 6. \u201cJ\u00e1 disse v\u00e1rias vezes: eu quero ser governador de Sergipe. Todos os meus movimentos me direcionam para [&hellip;]<\/p>\n","protected":false},"author":6557,"featured_media":0,"comment_status":"closed","ping_status":"closed","sticky":false,"template":"","format":"standard","meta":{"footnotes":""},"categories":[15,6],"tags":[35722,12125,3718],"class_list":{"0":"post-131171","1":"post","2":"type-post","3":"status-publish","4":"format-standard","6":"category-destaques","7":"category-politica","8":"tag-candidato-a-governador","9":"tag-eleicoes-2022","10":"tag-laercio-oliveira"},"_links":{"self":[{"href":"https:\/\/senoticias.com.br\/se\/wp-json\/wp\/v2\/posts\/131171"}],"collection":[{"href":"https:\/\/senoticias.com.br\/se\/wp-json\/wp\/v2\/posts"}],"about":[{"href":"https:\/\/senoticias.com.br\/se\/wp-json\/wp\/v2\/types\/post"}],"author":[{"embeddable":true,"href":"https:\/\/senoticias.com.br\/se\/wp-json\/wp\/v2\/users\/6557"}],"replies":[{"embeddable":true,"href":"https:\/\/senoticias.com.br\/se\/wp-json\/wp\/v2\/comments?post=131171"}],"version-history":[{"count":0,"href":"https:\/\/senoticias.com.br\/se\/wp-json\/wp\/v2\/posts\/131171\/revisions"}],"wp:attachment":[{"href":"https:\/\/senoticias.com.br\/se\/wp-json\/wp\/v2\/media?parent=131171"}],"wp:term":[{"taxonomy":"category","embeddable":true,"href":"https:\/\/senoticias.com.br\/se\/wp-json\/wp\/v2\/categories?post=131171"},{"taxonomy":"post_tag","embeddable":true,"href":"https:\/\/senoticias.com.br\/se\/wp-json\/wp\/v2\/tags?post=131171"}],"curies":[{"name":"wp","href":"https:\/\/api.w.org\/{rel}","templated":true}]}}