{"id":131164,"date":"2022-01-06T09:20:00","date_gmt":"2022-01-06T12:20:00","guid":{"rendered":"https:\/\/senoticias.com.br\/se\/?p=131164"},"modified":"2022-01-06T09:20:07","modified_gmt":"2022-01-06T12:20:07","slug":"idoso-de-68-anos-e-preso-suspeito-de-engravidar-adolescente-da-propria-familia-em-carira","status":"publish","type":"post","link":"https:\/\/senoticias.com.br\/se\/idoso-de-68-anos-e-preso-suspeito-de-engravidar-adolescente-da-propria-familia-em-carira\/","title":{"rendered":"Idoso de 68 anos \u00e9 preso suspeito de engravidar adolescente da pr\u00f3pria fam\u00edlia em Carira"},"content":{"rendered":"\n<p><\/p>\n\n\n\n<p>Um idoso, de 68 anos, foi preso indiciado por engravidar uma adolescente da pr\u00f3pria fam\u00edlia no munic\u00edpio de Carira. A informa\u00e7\u00e3o foi confirmada nesta quinta-feira (6) pela Secretaria de Seguran\u00e7a P\u00fablica (SSP).<\/p>\n\n\n\n<figure class=\"wp-block-image size-large\"><img loading=\"lazy\" decoding=\"async\" width=\"599\" height=\"567\" src=\"https:\/\/senoticias.com.br\/se\/wp-content\/uploads\/2022\/01\/Delegado-Eurico-Nascimento-SE-Noticias.jpg\" alt=\"\" class=\"wp-image-131165\" srcset=\"https:\/\/senoticias.com.br\/se\/wp-content\/uploads\/2022\/01\/Delegado-Eurico-Nascimento-SE-Noticias.jpg 599w, https:\/\/senoticias.com.br\/se\/wp-content\/uploads\/2022\/01\/Delegado-Eurico-Nascimento-SE-Noticias-300x284.jpg 300w\" sizes=\"(max-width: 599px) 100vw, 599px\" \/><figcaption>Segundo o delegado Eurico Nascimento, o idoso confessou o crime &#8211; Foto: SSP\/SE<\/figcaption><\/figure>\n\n\n\n<p>De acordo com a pol\u00edcia, ao ser interrogado, o autor do crime confessou que manteve duas rela\u00e7\u00f5es sexuais com a adolescente, e que a \u00faltima destas teve como resultado a gesta\u00e7\u00e3o.<\/p>\n\n\n\n<p>Segundo informa\u00e7\u00f5es relatadas pelas autoridades policiais, a paternidade foi constatada atrav\u00e9s de teste de DNA e foi mantida em segredo pela v\u00edtima, por medo de desencadear complica\u00e7\u00f5es ao indiciado.<\/p>\n\n\n\n<p><strong>O idoso informou ainda que tamb\u00e9m manteve, no passado, rela\u00e7\u00f5es sexuais com a m\u00e3e da v\u00edtima<\/strong>, na ocasi\u00e3o menor de idade. A informa\u00e7\u00f5es foram confirmadas pelos envolvidos, sendo o mandado de pris\u00e3o cumprido.<\/p>\n\n\n\n<p>O preso ser\u00e1 encaminhado nesta quinta-feira (6) para sua audi\u00eancia de cust\u00f3dia, em Aracaju, e ficar\u00e1 \u00e0 disposi\u00e7\u00e3o do Poder Judici\u00e1rio.<\/p>\n\n\n\n<p><em><strong>Quer receber as principais not\u00edcias do<\/strong>&nbsp;<strong>SE Not\u00edcias<\/strong>&nbsp;<strong>no seu<\/strong>&nbsp;<strong>WhatsApp?<\/strong>&nbsp;<strong><a href=\"https:\/\/api.whatsapp.com\/send?phone=5579991715289\">Clique aqui<\/a><\/strong>.<\/em><\/p>\n\n\n\n<p><strong><em>Acompanhe tamb\u00e9m o SE Not\u00edcias no\u00a0<a rel=\"noreferrer noopener\" href=\"https:\/\/twitter.com\/Senoticias\" target=\"_blank\">Twitter<\/a>,\u00a0<a rel=\"noreferrer noopener\" href=\"https:\/\/www.facebook.com\/senoticias1\" target=\"_blank\">Facebook<\/a>\u00a0e no\u00a0<a rel=\"noreferrer noopener\" href=\"https:\/\/www.instagram.com\/senoticias\/\" target=\"_blank\">Instagram<\/a><\/em><\/strong><\/p>\n\n\n\n<p>Fonte: SSP\/SE<\/p>\n","protected":false},"excerpt":{"rendered":"<p>Um idoso, de 68 anos, foi preso indiciado por engravidar uma adolescente da pr\u00f3pria fam\u00edlia no munic\u00edpio de Carira. A informa\u00e7\u00e3o foi confirmada nesta quinta-feira (6) pela Secretaria de Seguran\u00e7a P\u00fablica (SSP). De acordo com a pol\u00edcia, ao ser interrogado, o autor do crime confessou que manteve duas rela\u00e7\u00f5es sexuais com a adolescente, e que [&hellip;]<\/p>\n","protected":false},"author":6557,"featured_media":0,"comment_status":"closed","ping_status":"closed","sticky":false,"template":"","format":"standard","meta":{"footnotes":""},"categories":[15,7,1],"tags":[803,11686,35719],"class_list":{"0":"post-131164","1":"post","2":"type-post","3":"status-publish","4":"format-standard","6":"category-destaques","7":"category-policia","8":"category-sem-categoria","9":"tag-carira","10":"tag-delegacia-de-carira","11":"tag-idoso-preso"},"_links":{"self":[{"href":"https:\/\/senoticias.com.br\/se\/wp-json\/wp\/v2\/posts\/131164"}],"collection":[{"href":"https:\/\/senoticias.com.br\/se\/wp-json\/wp\/v2\/posts"}],"about":[{"href":"https:\/\/senoticias.com.br\/se\/wp-json\/wp\/v2\/types\/post"}],"author":[{"embeddable":true,"href":"https:\/\/senoticias.com.br\/se\/wp-json\/wp\/v2\/users\/6557"}],"replies":[{"embeddable":true,"href":"https:\/\/senoticias.com.br\/se\/wp-json\/wp\/v2\/comments?post=131164"}],"version-history":[{"count":0,"href":"https:\/\/senoticias.com.br\/se\/wp-json\/wp\/v2\/posts\/131164\/revisions"}],"wp:attachment":[{"href":"https:\/\/senoticias.com.br\/se\/wp-json\/wp\/v2\/media?parent=131164"}],"wp:term":[{"taxonomy":"category","embeddable":true,"href":"https:\/\/senoticias.com.br\/se\/wp-json\/wp\/v2\/categories?post=131164"},{"taxonomy":"post_tag","embeddable":true,"href":"https:\/\/senoticias.com.br\/se\/wp-json\/wp\/v2\/tags?post=131164"}],"curies":[{"name":"wp","href":"https:\/\/api.w.org\/{rel}","templated":true}]}}