{"id":131163,"date":"2022-01-05T21:05:15","date_gmt":"2022-01-06T00:05:15","guid":{"rendered":"https:\/\/senoticias.com.br\/se\/?p=131163"},"modified":"2022-01-05T21:05:21","modified_gmt":"2022-01-06T00:05:21","slug":"assembleia-legislativa-aprova-orcamento-de-mais-de-r-12-bilhoes-para-o-governo-do-estado","status":"publish","type":"post","link":"https:\/\/senoticias.com.br\/se\/assembleia-legislativa-aprova-orcamento-de-mais-de-r-12-bilhoes-para-o-governo-do-estado\/","title":{"rendered":"Assembleia Legislativa aprova or\u00e7amento de mais de R$ 12 bilh\u00f5es para o governo do estado"},"content":{"rendered":"\n<p><\/p>\n\n\n\n<p><\/p>\n\n\n\n<p>Os deputados estaduais apreciaram e aprovaram, ao longo desta quarta-feira (05), em 3\u00aa discuss\u00e3o e em Reda\u00e7\u00e3o Final, o projeto de Lei que disp\u00f5e sobre o Or\u00e7amento do Estado de Sergipe para o Exerc\u00edcio Financeiro de 2022, estimando a Receita e fixando a Despesa. Com a aprova\u00e7\u00e3o, a Casa inicia o recesso parlamentar das atividades em plen\u00e1rio e nas Comiss\u00f5es Tem\u00e1ticas.<\/p>\n\n\n\n<figure class=\"wp-block-image size-large\"><img loading=\"lazy\" decoding=\"async\" width=\"550\" height=\"309\" src=\"https:\/\/senoticias.com.br\/se\/wp-content\/uploads\/2020\/02\/luciano-bispo-e1582147935894.jpg\" alt=\"\" class=\"wp-image-122138\"\/><figcaption> Aprovado or\u00e7amento do Governo de Sergipe para 2022  &#8211; Foto: arquivo\/Alese<\/figcaption><\/figure>\n\n\n\n<p>Aprovada por unanimidade, e com Emendas, a LOA 2022 tem previs\u00e3o de Receita Total de R$ 12.173.837.958,00, j\u00e1 deduzidos os valores das transfer\u00eancias constitucionais aos munic\u00edpios e os recursos para a forma\u00e7\u00e3o do Fundo de Manuten\u00e7\u00e3o e Desenvolvimento da Educa\u00e7\u00e3o B\u00e1sica e Valoriza\u00e7\u00e3o dos Profissionais da Educa\u00e7\u00e3o (FUNDEB), estimados em R$ 2,3 bilh\u00f5es.<\/p>\n\n\n\n<p>O valor estimado para a Receita Total representa um acr\u00e9scimo de 14% em compara\u00e7\u00e3o com o valor estimado na Lei Or\u00e7ament\u00e1ria Anual (LOA) para o exerc\u00edcio de 2021, que teve previs\u00e3o de Receita Total de R$ 10.587.756.328,00.<\/p>\n\n\n\n<p>O l\u00edder do Governo, deputado estadual Zezinho Sobral (Podemos), explica o acr\u00e9scimo da receita para esse ano.<\/p>\n\n\n\n<p>\u201cN\u00f3s tivemos um acr\u00e9scimo de algo em torno de 14%. Isso significa que, al\u00e9m do aumento de receita prevista para 2022, tem tamb\u00e9m a busca de financiamentos, tem contratos, tem conv\u00eanios, tem repasses, e todas as ordens que v\u00e3o complementar este Or\u00e7amento. Por isto que n\u00f3s temos hoje R$ 12 bi aprovados para o ano de 2022\u201d, disse.<\/p>\n\n\n\n<p><strong>Emendas<\/strong><\/p>\n\n\n\n<p>Ao projeto foram apresentadas, em 3\u00aa vota\u00e7\u00e3o, 32 Emendas, sendo 17 Modificativas, 14 Aditivas e uma Supressiva. Destas, passaram o total de cinco Aditivas e quatro Modificativas. As demais foram rejeitadas.<\/p>\n\n\n\n<p>Com a aprova\u00e7\u00e3o em Plen\u00e1rio, a Lei Or\u00e7ament\u00e1ria Anual (LOA) ser\u00e1 enviada ao Governo do Estado para san\u00e7\u00e3o e publica\u00e7\u00e3o, produzindo seus efeitos no mundo administrativo de 2022.<\/p>\n\n\n\n<p><strong>Recesso<\/strong><\/p>\n\n\n\n<p>Antes de encerrar a sess\u00e3o, j\u00e1 ao final da tarde desta quarta-feira, o presidente da Casa, deputado estadual Luciano Bispo (MDB), convocou uma pr\u00f3xima para o dia 3 de fevereiro, no hor\u00e1rio regimental.<\/p>\n\n\n\n<p><em><strong>Quer receber as principais not\u00edcias do<\/strong>&nbsp;<strong>SE Not\u00edcias<\/strong>&nbsp;<strong>no seu<\/strong>&nbsp;<strong>WhatsApp?<\/strong>&nbsp;<strong><a href=\"https:\/\/api.whatsapp.com\/send?phone=5579991715289\">Clique aqui<\/a><\/strong>.<\/em><\/p>\n\n\n\n<p><strong><em>Acompanhe tamb\u00e9m o SE Not\u00edcias no&nbsp;<a rel=\"noreferrer noopener\" href=\"https:\/\/twitter.com\/Senoticias\" target=\"_blank\">Twitter<\/a>,&nbsp;<a rel=\"noreferrer noopener\" href=\"https:\/\/www.facebook.com\/senoticias1\" target=\"_blank\">Facebook<\/a>&nbsp;e no&nbsp;<a rel=\"noreferrer noopener\" href=\"https:\/\/www.instagram.com\/senoticias\/\" target=\"_blank\">Instagram<\/a><\/em><\/strong><\/p>\n\n\n\n<p>Por Stephanie Mac\u00eado, da Ag\u00eancia Alese de Not\u00edcias<\/p>\n","protected":false},"excerpt":{"rendered":"<p>Os deputados estaduais apreciaram e aprovaram, ao longo desta quarta-feira (05), em 3\u00aa discuss\u00e3o e em Reda\u00e7\u00e3o Final, o projeto de Lei que disp\u00f5e sobre o Or\u00e7amento do Estado de Sergipe para o Exerc\u00edcio Financeiro de 2022, estimando a Receita e fixando a Despesa. Com a aprova\u00e7\u00e3o, a Casa inicia o recesso parlamentar das atividades [&hellip;]<\/p>\n","protected":false},"author":6557,"featured_media":0,"comment_status":"closed","ping_status":"closed","sticky":false,"template":"","format":"standard","meta":{"footnotes":""},"categories":[15,6],"tags":[35715,2830,3128,35716],"class_list":{"0":"post-131163","1":"post","2":"type-post","3":"status-publish","4":"format-standard","6":"category-destaques","7":"category-politica","8":"tag-agencia-alese-de-noticias","9":"tag-alese","10":"tag-assembleia-legislativa","11":"tag-orcamento-de-mais-de-r-12-bilhoes"},"_links":{"self":[{"href":"https:\/\/senoticias.com.br\/se\/wp-json\/wp\/v2\/posts\/131163"}],"collection":[{"href":"https:\/\/senoticias.com.br\/se\/wp-json\/wp\/v2\/posts"}],"about":[{"href":"https:\/\/senoticias.com.br\/se\/wp-json\/wp\/v2\/types\/post"}],"author":[{"embeddable":true,"href":"https:\/\/senoticias.com.br\/se\/wp-json\/wp\/v2\/users\/6557"}],"replies":[{"embeddable":true,"href":"https:\/\/senoticias.com.br\/se\/wp-json\/wp\/v2\/comments?post=131163"}],"version-history":[{"count":0,"href":"https:\/\/senoticias.com.br\/se\/wp-json\/wp\/v2\/posts\/131163\/revisions"}],"wp:attachment":[{"href":"https:\/\/senoticias.com.br\/se\/wp-json\/wp\/v2\/media?parent=131163"}],"wp:term":[{"taxonomy":"category","embeddable":true,"href":"https:\/\/senoticias.com.br\/se\/wp-json\/wp\/v2\/categories?post=131163"},{"taxonomy":"post_tag","embeddable":true,"href":"https:\/\/senoticias.com.br\/se\/wp-json\/wp\/v2\/tags?post=131163"}],"curies":[{"name":"wp","href":"https:\/\/api.w.org\/{rel}","templated":true}]}}