{"id":131111,"date":"2022-01-02T16:42:21","date_gmt":"2022-01-02T19:42:21","guid":{"rendered":"https:\/\/senoticias.com.br\/se\/?p=131111"},"modified":"2022-01-02T16:42:31","modified_gmt":"2022-01-02T19:42:31","slug":"mais-de-3-600-voos-sao-cancelados-no-mundo-com-avanco-da-omicron","status":"publish","type":"post","link":"https:\/\/senoticias.com.br\/se\/mais-de-3-600-voos-sao-cancelados-no-mundo-com-avanco-da-omicron\/","title":{"rendered":"Mais de 3.600 voos s\u00e3o cancelados no mundo com avan\u00e7o da \u00f4micron"},"content":{"rendered":"\n<p>Mais de 3.600 voos foram cancelados no mundo neste domingo (2). Mais da metade deles, cerca de 2.100, somente nos Estados Unidos . Al\u00e9m disso, mais de 6.400 voos foram atrasados. As informa\u00e7\u00f5es s\u00e3o do site especializado em avia\u00e7\u00e3o FlightAware. Os principais motivos para os cancelamentos e atrasos s\u00e3o o r\u00e1pido avan\u00e7o da variante \u00f4micron do coronav\u00edrus e, em alguns casos, o mau tempo.<\/p>\n\n\n\n<figure class=\"wp-block-image size-large\"><img loading=\"lazy\" decoding=\"async\" width=\"599\" height=\"399\" src=\"https:\/\/senoticias.com.br\/se\/wp-content\/uploads\/2022\/01\/vacinacao-prefeitura-divinopolis-e1641152463871.jpg\" alt=\"\" class=\"wp-image-131112\"\/><figcaption>Vacina Covid-19 &#8211; imagem divulga\u00e7\u00e3o Prefeitura de Divin\u00f3polis \u2014 Foto: Prefeitura de Divin\u00f3polis\/Divulga\u00e7\u00e3o<\/figcaption><\/figure>\n\n\n\n<p>Apesar de as festas de fim de ano serem tradicionalmente um momento de pico de movimento para todas as companhias a\u00e9reas, a r\u00e1pida dissemina\u00e7\u00e3o da variante \u00d4micron atrapalhou os planos de muitos viajantes. O principal motivo para os cancelamentos foi o alto n\u00famero de comiss\u00e1rios de bordo, pilotos e funcion\u00e1rios em geral das companhias a\u00e9reas que n\u00e3o puderam trabalhar por estarem infectados com Covid-19.<\/p>\n\n\n\n<p><strong>Aumento de casos<\/strong><\/p>\n\n\n\n<p>O mundo tem visto um aumento r\u00e1pido de novos casos da doen\u00e7a desde outubro, segundo a OMS.<\/p>\n\n\n\n<p>Na \u00faltima semana, o maior aumento percentual em novos casos ocorreu nas Am\u00e9ricas, com um aumento de 39% em rela\u00e7\u00e3o \u00e0 semana anterior. Em n\u00fameros absolutos, houve 1,4 milh\u00e3o de novas infec\u00e7\u00f5es: quase 1,2 milh\u00e3o ocorreram nos Estados Unidos, 80 mil foram vistas no Canad\u00e1 e quase 66 mil na Argentina.<\/p>\n\n\n\n<p>Na Europa, foram registrados 2,8 milh\u00f5es de novos casos na semana, com 611 mil no Reino Unido, 504 mil na Fran\u00e7a e 257 mil na It\u00e1lia.<\/p>\n\n\n\n<p><strong>Vacina\u00e7\u00e3o no Brasil<\/strong><\/p>\n\n\n\n<p>O Brasil registrou, em dezembro, 4.355 mortes pela Covid-19 \u2013 menor n\u00famero desde mar\u00e7o de 2020, segundo dados apurados pelo cons\u00f3rcio de ve\u00edculos de imprensa junto \u00e0s secretarias de Sa\u00fade do pa\u00eds (veja gr\u00e1fico abaixo).<\/p>\n\n\n\n<p>\u00c9 poss\u00edvel, entretanto, que haja subnotifica\u00e7\u00e3o nesse n\u00famero \u2013 ou seja, que o n\u00famero de mortes de fato registradas no m\u00eas seja maior.<\/p>\n\n\n\n<p>Apesar do apag\u00e3o de dados em parte do m\u00eas , a vacina\u00e7\u00e3o tamb\u00e9m foi respons\u00e1vel pela queda de mortes no Brasil: o pa\u00eds chegou ao final de 2021 com 67% da popula\u00e7\u00e3o completamente vacinada contra a Covid-19.<\/p>\n\n\n\n<p>O percentual \u00e9 pr\u00f3ximo da meta sugerida pela Organiza\u00e7\u00e3o Mundial de Sa\u00fade (OMS) para todos os pa\u00edses do mundo at\u00e9 meados de 2022. A entidade havia estabelecido como meta que cada pa\u00eds deveria imunizar 40% da sua popula\u00e7\u00e3o at\u00e9 dezembro do ano passado. O Brasil alcan\u00e7ou esse percentual em setembro.<\/p>\n\n\n\n<p>Especialistas ouvidos pelo g1 avaliaram que, para este ano, medidas como a vacina\u00e7\u00e3o em massa e a vigil\u00e2ncia constante (para identificar e isolar os casos positivos rapidamente) \u2013 al\u00e9m da comunica\u00e7\u00e3o clara dos governantes e o uso de m\u00e1scaras \u2013 precisar\u00e3o ser refor\u00e7adas.<\/p>\n\n\n\n<p><em><strong>Quer receber as principais not\u00edcias do<\/strong>&nbsp;<strong>SE Not\u00edcias<\/strong>&nbsp;<strong>no seu<\/strong>&nbsp;<strong>WhatsApp?<\/strong>&nbsp;<strong><a href=\"https:\/\/api.whatsapp.com\/send?phone=5579991715289\">Clique aqui<\/a><\/strong>.<\/em><\/p>\n\n\n\n<p><strong><em>Acompanhe tamb\u00e9m o SE Not\u00edcias no&nbsp;<a rel=\"noreferrer noopener\" href=\"https:\/\/twitter.com\/Senoticias\" target=\"_blank\">Twitter<\/a>,&nbsp;<a rel=\"noreferrer noopener\" href=\"https:\/\/www.facebook.com\/senoticias1\" target=\"_blank\">Facebook<\/a>&nbsp;e no&nbsp;<a rel=\"noreferrer noopener\" href=\"https:\/\/www.instagram.com\/senoticias\/\" target=\"_blank\">Instagram<\/a><\/em><\/strong><\/p>\n\n\n\n<p>Por G1<\/p>\n","protected":false},"excerpt":{"rendered":"<p>Mais de 3.600 voos foram cancelados no mundo neste domingo (2). Mais da metade deles, cerca de 2.100, somente nos Estados Unidos . Al\u00e9m disso, mais de 6.400 voos foram atrasados. As informa\u00e7\u00f5es s\u00e3o do site especializado em avia\u00e7\u00e3o FlightAware. Os principais motivos para os cancelamentos e atrasos s\u00e3o o r\u00e1pido avan\u00e7o da variante \u00f4micron [&hellip;]<\/p>\n","protected":false},"author":6557,"featured_media":0,"comment_status":"closed","ping_status":"closed","sticky":false,"template":"","format":"standard","meta":{"footnotes":""},"categories":[15,2961],"tags":[14279,16278,35423],"class_list":{"0":"post-131111","1":"post","2":"type-post","3":"status-publish","4":"format-standard","6":"category-destaques","7":"category-nacional","8":"tag-covid19","9":"tag-vacinacao-da-covid-19","10":"tag-variante-omicron"},"_links":{"self":[{"href":"https:\/\/senoticias.com.br\/se\/wp-json\/wp\/v2\/posts\/131111"}],"collection":[{"href":"https:\/\/senoticias.com.br\/se\/wp-json\/wp\/v2\/posts"}],"about":[{"href":"https:\/\/senoticias.com.br\/se\/wp-json\/wp\/v2\/types\/post"}],"author":[{"embeddable":true,"href":"https:\/\/senoticias.com.br\/se\/wp-json\/wp\/v2\/users\/6557"}],"replies":[{"embeddable":true,"href":"https:\/\/senoticias.com.br\/se\/wp-json\/wp\/v2\/comments?post=131111"}],"version-history":[{"count":0,"href":"https:\/\/senoticias.com.br\/se\/wp-json\/wp\/v2\/posts\/131111\/revisions"}],"wp:attachment":[{"href":"https:\/\/senoticias.com.br\/se\/wp-json\/wp\/v2\/media?parent=131111"}],"wp:term":[{"taxonomy":"category","embeddable":true,"href":"https:\/\/senoticias.com.br\/se\/wp-json\/wp\/v2\/categories?post=131111"},{"taxonomy":"post_tag","embeddable":true,"href":"https:\/\/senoticias.com.br\/se\/wp-json\/wp\/v2\/tags?post=131111"}],"curies":[{"name":"wp","href":"https:\/\/api.w.org\/{rel}","templated":true}]}}