{"id":131108,"date":"2022-01-01T18:53:13","date_gmt":"2022-01-01T21:53:13","guid":{"rendered":"https:\/\/senoticias.com.br\/se\/?p=131108"},"modified":"2022-01-01T18:53:17","modified_gmt":"2022-01-01T21:53:17","slug":"violencia-contra-as-mulheres-insulta-a-deus-diz-papa-em-discurso-de-ano-novo","status":"publish","type":"post","link":"https:\/\/senoticias.com.br\/se\/violencia-contra-as-mulheres-insulta-a-deus-diz-papa-em-discurso-de-ano-novo\/","title":{"rendered":"Viol\u00eancia contra as mulheres insulta a Deus, diz Papa em discurso de Ano Novo"},"content":{"rendered":"\n<p>O Papa Francisco classificou a viol\u00eancia contra as mulheres como um insulto a Deus, durante a missa na Bas\u00edlica de S\u00e3o Pedro, neste s\u00e1bado, em homenagem \u00e0 Virgem Maria. Na mensagem, Francisco tamb\u00e9m lembrou das jovens m\u00e3es e seus filhos &#8220;que est\u00e3o fugindo das guerras e da fome ou que est\u00e3o esperando em campos de refugiados&#8221;.<\/p>\n\n\n\n<figure class=\"wp-block-image size-large\"><img loading=\"lazy\" decoding=\"async\" width=\"576\" height=\"386\" src=\"https:\/\/senoticias.com.br\/se\/wp-content\/uploads\/2022\/01\/Papa-em-discurso-de-Ano-Novo-SE-Noticias.jpg\" alt=\"\" class=\"wp-image-131109\" srcset=\"https:\/\/senoticias.com.br\/se\/wp-content\/uploads\/2022\/01\/Papa-em-discurso-de-Ano-Novo-SE-Noticias.jpg 576w, https:\/\/senoticias.com.br\/se\/wp-content\/uploads\/2022\/01\/Papa-em-discurso-de-Ano-Novo-SE-Noticias-300x201.jpg 300w, https:\/\/senoticias.com.br\/se\/wp-content\/uploads\/2022\/01\/Papa-em-discurso-de-Ano-Novo-SE-Noticias-90x60.jpg 90w, https:\/\/senoticias.com.br\/se\/wp-content\/uploads\/2022\/01\/Papa-em-discurso-de-Ano-Novo-SE-Noticias-180x120.jpg 180w, https:\/\/senoticias.com.br\/se\/wp-content\/uploads\/2022\/01\/Papa-em-discurso-de-Ano-Novo-SE-Noticias-95x64.jpg 95w\" sizes=\"(max-width: 576px) 100vw, 576px\" \/><figcaption>Papa Francisco celebra missa para marcar o Dia Mundial da Paz na Bas\u00edlica de S\u00e3o Pedro no Vaticano neste s\u00e1bado (1\u00ba) \u2014 Foto: Guglielmo Mangiapane\/Reuters<\/figcaption><\/figure>\n\n\n\n<p>&#8220;A Igreja \u00e9 m\u00e3e, a Igreja \u00e9 mulher. Enquanto as m\u00e3es d\u00e3o vida e as mulheres salvam o mundo, devemos todos trabalhar para promover as m\u00e3es e proteger as mulheres&#8221;, disse o Papa. &#8220;Quanta viol\u00eancia existe contra a mulher! Chega! Machucar uma mulher \u00e9 ultrajar a Deus, que criou a humanidade de uma mulher&#8221;.<\/p>\n\n\n\n<p>Horas depois, em seu discurso do Angelus, o Papa pediu o fim da viol\u00eancia e disse \u00e0 multid\u00e3o reunida na Pra\u00e7a de S\u00e3o Pedro para manter a paz em seus pensamentos. Francisco ainda exortou o mundo a &#8220;arrega\u00e7ar as mangas&#8221; e pediu aos fi\u00e9is que sejam positivos e trabalhem para construir uma sociedade melhor.<\/p>\n\n\n\n<p>&#8220;Vamos voltar para casa pensando em paz, paz, paz. Precisamos de paz&#8221;, disse o Papa ap\u00f3s a ora\u00e7\u00e3o do Angelus.<\/p>\n\n\n\n<p>O pont\u00edfice, que completou 85 anos no dia 17 de dezembro, lembrou aos fi\u00e9is que a paz exige &#8220;gestos concretos&#8221;, como perdoar os outros e promover a justi\u00e7a.<\/p>\n\n\n\n<p>&#8220;E tamb\u00e9m precisa de um olhar positivo: que olhemos sempre, na Igreja como na sociedade, n\u00e3o para o mal que nos divide, mas para o bem que pode nos unir!&#8221;, disse da janela do Pal\u00e1cio Apost\u00f3lico. &#8220;N\u00e3o adianta se abater e reclamar, mas arrega\u00e7ar as mangas para construir a paz&#8221;.<\/p>\n\n\n\n<p>Na v\u00e9spera do Ano Novo, Francisco n\u00e3o presidiu as V\u00e9speras na Bas\u00edlica de S\u00e3o Pedro, conforme programado, e, em vez disso, cedeu o servi\u00e7o ao decano do Col\u00e9gio Cardinal\u00edcio, Giovanni Battista Re.<\/p>\n\n\n\n<p>Por Ag\u00eancia O Globo<br>|<\/p>\n","protected":false},"excerpt":{"rendered":"<p>O Papa Francisco classificou a viol\u00eancia contra as mulheres como um insulto a Deus, durante a missa na Bas\u00edlica de S\u00e3o Pedro, neste s\u00e1bado, em homenagem \u00e0 Virgem Maria. Na mensagem, Francisco tamb\u00e9m lembrou das jovens m\u00e3es e seus filhos &#8220;que est\u00e3o fugindo das guerras e da fome ou que est\u00e3o esperando em campos de [&hellip;]<\/p>\n","protected":false},"author":6557,"featured_media":0,"comment_status":"closed","ping_status":"closed","sticky":false,"template":"","format":"standard","meta":{"footnotes":""},"categories":[15,2961,41],"tags":[35686,886,35687],"class_list":{"0":"post-131108","1":"post","2":"type-post","3":"status-publish","4":"format-standard","6":"category-destaques","7":"category-nacional","8":"category-pre-caju-2011","9":"tag-dia-mundial-da-paz","10":"tag-papa-francisco","11":"tag-violencia-contra-as-mulheres"},"_links":{"self":[{"href":"https:\/\/senoticias.com.br\/se\/wp-json\/wp\/v2\/posts\/131108"}],"collection":[{"href":"https:\/\/senoticias.com.br\/se\/wp-json\/wp\/v2\/posts"}],"about":[{"href":"https:\/\/senoticias.com.br\/se\/wp-json\/wp\/v2\/types\/post"}],"author":[{"embeddable":true,"href":"https:\/\/senoticias.com.br\/se\/wp-json\/wp\/v2\/users\/6557"}],"replies":[{"embeddable":true,"href":"https:\/\/senoticias.com.br\/se\/wp-json\/wp\/v2\/comments?post=131108"}],"version-history":[{"count":0,"href":"https:\/\/senoticias.com.br\/se\/wp-json\/wp\/v2\/posts\/131108\/revisions"}],"wp:attachment":[{"href":"https:\/\/senoticias.com.br\/se\/wp-json\/wp\/v2\/media?parent=131108"}],"wp:term":[{"taxonomy":"category","embeddable":true,"href":"https:\/\/senoticias.com.br\/se\/wp-json\/wp\/v2\/categories?post=131108"},{"taxonomy":"post_tag","embeddable":true,"href":"https:\/\/senoticias.com.br\/se\/wp-json\/wp\/v2\/tags?post=131108"}],"curies":[{"name":"wp","href":"https:\/\/api.w.org\/{rel}","templated":true}]}}