{"id":131075,"date":"2021-12-30T12:02:17","date_gmt":"2021-12-30T15:02:17","guid":{"rendered":"https:\/\/senoticias.com.br\/se\/?p=131075"},"modified":"2021-12-30T12:20:26","modified_gmt":"2021-12-30T15:20:26","slug":"xlvii-encontro-cultural-de-laranjeiras-comeca-neste-domingo","status":"publish","type":"post","link":"https:\/\/senoticias.com.br\/se\/xlvii-encontro-cultural-de-laranjeiras-comeca-neste-domingo\/","title":{"rendered":"XLVII Encontro Cultural de Laranjeiras come\u00e7a neste domingo"},"content":{"rendered":"\n<p>Nesta edi\u00e7\u00e3o, ficam mantidas as exposi\u00e7\u00f5es, exibi\u00e7\u00e3o de curtas metragens e o simp\u00f3sio. Por\u00e9m, n\u00e3o acontecer\u00e3o as oficinas, os cortejos de grupos folcl\u00f3ricos e os shows de cultura de massa \u00e0 noite.<\/p>\n\n\n\n<figure class=\"wp-block-image size-large\"><img loading=\"lazy\" decoding=\"async\" width=\"589\" height=\"393\" src=\"https:\/\/senoticias.com.br\/se\/wp-content\/uploads\/2021\/12\/COROACAO-DA-RAINHA-DAS-TAIEIRAS-02.jpg\" alt=\"\" class=\"wp-image-131077\" srcset=\"https:\/\/senoticias.com.br\/se\/wp-content\/uploads\/2021\/12\/COROACAO-DA-RAINHA-DAS-TAIEIRAS-02.jpg 589w, https:\/\/senoticias.com.br\/se\/wp-content\/uploads\/2021\/12\/COROACAO-DA-RAINHA-DAS-TAIEIRAS-02-300x200.jpg 300w, https:\/\/senoticias.com.br\/se\/wp-content\/uploads\/2021\/12\/COROACAO-DA-RAINHA-DAS-TAIEIRAS-02-90x60.jpg 90w, https:\/\/senoticias.com.br\/se\/wp-content\/uploads\/2021\/12\/COROACAO-DA-RAINHA-DAS-TAIEIRAS-02-180x120.jpg 180w, https:\/\/senoticias.com.br\/se\/wp-content\/uploads\/2021\/12\/COROACAO-DA-RAINHA-DAS-TAIEIRAS-02-95x64.jpg 95w\" sizes=\"(max-width: 589px) 100vw, 589px\" \/><figcaption><strong>Coroa\u00e7\u00e3o da Rainha das Taieiras. \u00c1pice do Encontro Cultural<\/strong> &#8211; Foto: ascom\/PML<\/figcaption><\/figure>\n\n\n\n<p>Ter\u00e1 in\u00edcio neste <strong>domingo, 02, e prossegue at\u00e9 o pr\u00f3ximo dia 09 de janeiro de 2022, a<\/strong> <strong>47\u00aa edi\u00e7\u00e3o do tradicional encontro cultural de Laranjeiras<\/strong> que, este ano, ser\u00e1 adaptado por conta da pandemia de COVID-19 e a nova onda de gripe H3N2. A programa\u00e7\u00e3o do primeiro dia est\u00e1 inserida na Festa de Santos Reis, que foi a inspira\u00e7\u00e3o dos idealizadores do evento h\u00e1 mais de quatro d\u00e9cadas.<\/p>\n\n\n\n<p>Nesta edi\u00e7\u00e3o, ficam mantidas as exposi\u00e7\u00f5es, exibi\u00e7\u00e3o de curtas metragens e o simp\u00f3sio. Por\u00e9m, n\u00e3o acontecer\u00e3o as oficinas, os cortejos de grupos folcl\u00f3ricos e os shows de cultura de massa \u00e0 noite.<\/p>\n\n\n\n<p><strong>Confira toda a programa\u00e7\u00e3o abaixo:<\/strong><\/p>\n\n\n\n<p><strong>Domingo &#8211; 02 de janeiro de 2022.9h30<\/strong>Igreja S\u00e3o Benedito &#8211; Missa da Epif\u00e2nia do Senhor, com b\u00ean\u00e7\u00e3o do giz, coroa\u00e7\u00e3o da rainha das taieiras e louva\u00e7\u00e3o das manifesta\u00e7\u00f5es folcl\u00f3ricas.Louva\u00e7\u00e3o das Taieiras.Louva\u00e7\u00e3o da Chegan\u00e7a Almirante Tamandar\u00e9.\u00a0Louva\u00e7\u00e3o da Chegan\u00e7a Almirante Barroso.Louva\u00e7\u00e3o do Cacumbi.Louva\u00e7\u00e3o do Cacumbi Mirim.<\/p>\n\n\n\n<p><br>\u00a0<strong>16h<br>\u00a0Prociss\u00e3o <\/strong>\u2013\u00a0logo ap\u00f3s a prociss\u00e3o, ter\u00e1 a b\u00ean\u00e7\u00e3o do Sant\u00edssimo Sacramento.<\/p>\n\n\n\n<p><strong>Confira a programa\u00e7\u00e3o do Simp\u00f3sio, que tem como tema <\/strong><strong>\u201c<\/strong><strong>CULTURAS POPULARES: OS CAMINHOS DOS ESTUDOS NO S\u00c9CULO XXI\u201d<\/strong><\/p>\n\n\n\n<p><strong>Dia 6 de janeiro (quinta-feira)<\/strong><strong><\/strong><\/p>\n\n\n\n<p><strong>Local: UFS Campus Laranjeiras<\/strong><br><strong>Hor\u00e1rio: 8h30<\/strong><br>Recep\u00e7\u00e3o com grupo Cacumbi Mirim<br>Abertura Oficial: Forma\u00e7\u00e3o da Mesa<br>&#8211; Concei\u00e7\u00e3o Vieira \u2013 Presidente da FUNCAP<br>&#8211; Jos\u00e9 de Ara\u00fajo Leite Neto (Juca) &#8211; Prefeito de Laranjeiras<br>&#8211; Francisco Diemerson de Souza Pereira \u2013 Presidente do Conselho Estadual de Cultura<br>&#8211; Beatriz G\u00f3is Dantas \u2013 Homenageada do Simp\u00f3sio<\/p>\n\n\n\n<p><strong>Hor\u00e1rio: 9h30<\/strong><\/p>\n\n\n\n<p>Confer\u00eancia de abertura:<br>CULTURAS POPULARES: os caminhos dos estudos no s\u00e9culo XXI<br>Conferencista: Alexandra Dumas (UFBA)<br>Coordena\u00e7\u00e3o da mesa: Luiz Fernando Ribeiro Soutelo (Conselho Estadual de Cultura)<\/p>\n\n\n\n<p><strong>Hor\u00e1rio: 10h30<\/strong><br>Mesa de Abertura: Beatriz G\u00f3is Dantas: trajet\u00f3rias e andan\u00e7as pelos caminhos das Culturas Populares<br>&#8211; Maria Laura Cavalcanti (UFRJ)<br>&#8211; Agla\u00e9 d\u2019\u00c1vila Fontes (IHGSE)<br>Coordena\u00e7\u00e3o da mesa: Terezinha Oliva (IHGSE)<\/p>\n\n\n\n<p><strong>Hor\u00e1rio: 11h30<\/strong><\/p>\n\n\n\n<p>GT 01 \u2013 Festas, Dan\u00e7as e Folguedos Populares<br>&#8211; Vem ver, gente, esse samba como \u00e9: caminhos, olhares e escutas acerca do Samba de Aboio, do Povoada Aguada (CARM\u00d3POLIS\/SE)<br>Luan Vinicius Carvalho de Almeida<br>&#8211; O \u201cjeito que o corpo d\u00e1\u201d: pr\u00e1ticas culturais curriculares numa roda de Samba de Pareia.<br>Evanilson Tavares de Fran\u00e7a\/SE<br>Coordena\u00e7\u00e3o do GT: N\u00e9ila Dourado Gon\u00e7alves (UFS)<\/p>\n\n\n\n<p><strong>Dia 7 de janeiro (sexta-feira)<\/strong><\/p>\n\n\n\n<p><strong>Hor\u00e1rio: 9h<\/strong><br>GT 02 \u2013 Religiosidades Populares<br>&#8211; Festa de Santa B\u00e1rbara: patrim\u00f4nio de f\u00e9 do povo baiano<br>Vagner Rocha (P\u00f3s-Afro\/UFBA)<br>&#8211; \u201cPenitentes, beatos e promesseiros: dos passos da Paix\u00e3o ao Patrim\u00f4nio Cultural Imaterial de Sergipe\u201d.<br>Jo\u00e3o Paulo Ara\u00fajo de Carvalho (UFS)<br>&#8211; \u201cOh Z\u00e9, o Samba de Aboio \u00e9 aqui\u201d: um estudo etnogr\u00e1fico sobre o alimento tradicional, mem\u00f3rias e identidades no Samba de Aboio do Povoado Aguada \u2013 Carm\u00f3polis\/SE<br>&#8211; Luana Almeida\/SE<br>&#8211; \u201cEncantos e pertencimentos: considera\u00e7\u00f5es sobre a religi\u00e3o ind\u00edgena no sert\u00e3o de Alagoas\u201d.<br>Jos\u00e9 Adelson Lopes Peixoto (UEAL)<br>Coordena\u00e7\u00e3o do GT:\u00a0 Fernando Aguiar(UFS)<\/p>\n\n\n\n<p><strong>Hor\u00e1rio: 10H30<\/strong><br>Encontro com Mestres dos Saberes:<br>&#8211; B\u00e1rbara do Nag\u00f4\/Laranjeiras<br>&#8211; Mestre Batinga (Japaratuba)<\/p>\n\n\n\n<p><strong>Hor\u00e1rio: 11h<\/strong><br>GT 03 \u2013 Culturas Populares, Corporalidades, Narrativas Liter\u00e1rias e Teatrais.<br><strong>&#8211; <\/strong>Tradi\u00e7\u00f5es Folcl\u00f3ricas e Preconceitos Eruditos<br>Jackson da Silva Lima\/SE<br>&#8211; Sylvio Romero: olhares no passado e para o Futuro.<br>Wagner Lemos (IFS)<br>&#8211; Os Cavaleiros da Triste Figura (um estudo decolonial do Dom Quixote do Bugio)<br>Rog\u00e9rio Santos Alves\/SE<br>Coordena\u00e7\u00e3o do GT: D\u00eanio Azevedo (UFS)<\/p>\n\n\n\n<p><strong>Dia 8 de janeiro (s\u00e1bado)<\/strong><\/p>\n\n\n\n<p><strong>Hor\u00e1rio: 9h<\/strong><br>GT 04 \u2013 Culturas Populares: Pol\u00edtica, Mem\u00f3ria e Identidades.<br>&#8211; Mem\u00f3ria e Identidades fora dos grandes centros do Pa\u00eds: Culturas Populares na fronteira Oeste brasileira<br>Marlei Sigrist(UFMS)<br>-Dominguinhos e vamos n\u00f3s.<br>Lucas Campelo\/SE<br>Coordena\u00e7\u00e3o do GT: Hildenia Oliveira\u00a0(UFAL)<\/p>\n\n\n\n<p><strong>Hor\u00e1rio: 10h<\/strong><br><strong>Encontro com Mestres dos Saberes:<\/strong><br>Nivaldo Oliveira &#8211; Mestre em saberes e fazeres Xilogravurista e artista visual.<br>Milton Leite &#8211; Mestre em Artes da Cultura Popular. Mestre do Bal\u00e9 folcl\u00f3rico do Sintese e pesquisador de dan\u00e7as populares do Brasil.<br>Mestre Edinaldo Sambaiba, mestre em artes e cultura popular. Mestre de Capoeira.<\/p>\n\n\n\n<p><strong>Hor\u00e1rio: 11h<\/strong><br><strong>Comunica\u00e7\u00f5es:<\/strong><br>&#8211; \u201cA trajet\u00f3ria de Umbelina Ara\u00fajo, matriarca Nag\u00f4 de Laranjeiras\u201d<br>&#8211; Maria da Concei\u00e7\u00e3o Bezerra dos Santos\/SE<br>&#8211; Giro Sergipe: a diversidade cultural na TV<br>Anne Samara\/TV Sergipe<br>&#8211; \u201cA Manifesta\u00e7\u00e3o Cultural Ogia: uma Tradi\u00e7\u00e3o Popular Pirambuense\u201d<br>&#8211; Th\u00ecagony Hellen de Jesus Santana Vieira\/SE<br>&#8211; Lideran\u00e7a Nag\u00f4, o cuidado ao sagrado: Patrim\u00f4nio Imaterial de Sergipe<br>&#8211; Barbara Cristina dos Santos\/SE<br>Coordena\u00e7\u00e3o: Francisco Diemerson (Presidente do Conselho Estadual de Cultura)<\/p>\n\n\n\n<p><strong>Hor\u00e1rio: 12h<\/strong><br>Escolha do tema para o pr\u00f3ximo ano<br>Coordena\u00e7\u00e3o: Francisco Diemerson\u00a0(Presidente do Conselho Estadual de Cultura)<\/p>\n\n\n\n<p><strong>PROGRAMA\u00c7\u00c3O CULTURAL<\/strong><\/p>\n\n\n\n<p><strong>Exposi\u00e7\u00f5es:<\/strong><br><strong>PRETO SERGIPE<\/strong><br>Artista: Edwyn Gomes<br>Local: Campuslar<br>Data: 6 a 21 de janeiro de 2022<br>Hor\u00e1rios:10 \u00e0s 17h<br>Aiy\u00ea Mi Terra Minha<br>Artista: Allan D&#8217;Xang\u00f4<br>Local: Museu Afro Brasileiro<br>Data: 6 a 21 de janeiro de 2022<br>Hor\u00e1rios:10 \u00e0s 17h<\/p>\n\n\n\n<p><strong>O of\u00edcio do Barbeiro em Plagas Laranjeirenses<\/strong><\/p>\n\n\n\n<p>Coordena\u00e7\u00e3o: Professor Jos\u00e9 Carlos de Oliva Neto e Marcos de Oliveira Souza<br>Local: Casa Jo\u00e3o Ribeiro<br>Data: 6 a 21 de janeiro de 2022<br>Hor\u00e1rios: 10 \u00e0s 17h<\/p>\n\n\n\n<p><strong>Dia 6 de janeiro de 2022<\/strong><br>Local: Audit\u00f3rio da UFS Campus Laranjeiras<br>Hor\u00e1rio: 15 \u00e0s 17h<\/p>\n\n\n\n<p><strong>MOSTRA DE CURTAS<\/strong><\/p>\n\n\n\n<p><strong>15h<\/strong><strong>&#8211; Uma lufada de ar fresco. A antropologia de Beatriz G\u00f3is Dantas<\/strong><\/p>\n\n\n\n<p>Dura\u00e7\u00e3o: 27min 11s<br>Dire\u00e7\u00e3o: Maria Laura Cavalcanti<br>Roteiro: Maria Laura Cavalcanti e Jos\u00e9 Luiz JR<br>Edi\u00e7\u00e3o: Jos\u00e9 Lu\u00edz Jr<br><strong>15h30: O canto da nossa gente &#8211; Batalh\u00e3o Senhor do Bomfim<\/strong><br>Dura\u00e7\u00e3o: 30min<br>Dire\u00e7\u00e3o: Leonardo Barreto<br>Roteiro: Ana Carolina Santos Oliveira, M\u00e1rcio Jos\u00e9 Santos, Lucas Ferreira<br>Imagens: Ana Carolina, Jheniffer Kelly e Leonardo Barreto<\/p>\n\n\n\n<p><strong>16h \u201cLas Promesseras\u201d<\/strong><\/p>\n\n\n\n<p>Dura\u00e7\u00e3o: 16min53s<br>Produ\u00e7\u00e3o: \u00c1gua Comunica\u00e7\u00e3o<br>Dire\u00e7\u00e3o:\u00a0 Mara Silvestre.<br><br><strong>Dia 7 de janeiro de 2022<\/strong><br><br>Lan\u00e7amento Livro:<br>\u00a0<strong>Jo\u00e3o Ribeiro e um Museu-Casa em Sergipe<\/strong><br>\u00a0Autora: Tayara Barreto de Souza Celestino<br>\u00a0Hor\u00e1rio:\u00a0 8h30<br>\u00a0Local: UFS Campus Laranjeiras<\/p>\n\n\n\n<p><em><strong>Quer receber as principais not\u00edcias do<\/strong>&nbsp;<strong>SE Not\u00edcias<\/strong>&nbsp;<strong>no seu<\/strong>&nbsp;<strong>WhatsApp?<\/strong>&nbsp;<strong><a href=\"https:\/\/api.whatsapp.com\/send?phone=5579991715289\">Clique aqui<\/a><\/strong>.<\/em><\/p>\n\n\n\n<p><strong><em>Acompanhe tamb\u00e9m o SE Not\u00edcias no&nbsp;<a rel=\"noreferrer noopener\" href=\"https:\/\/twitter.com\/Senoticias\" target=\"_blank\">Twitter<\/a>,&nbsp;<a rel=\"noreferrer noopener\" href=\"https:\/\/www.facebook.com\/senoticias1\" target=\"_blank\">Facebook<\/a>&nbsp;e no&nbsp;<a rel=\"noreferrer noopener\" href=\"https:\/\/www.instagram.com\/senoticias\/\" target=\"_blank\">Instagram<\/a><\/em><\/strong><\/p>\n\n\n\n<p><strong>Midiando Comunica\u00e7\u00e3o\/ASCOM PML.<\/strong><\/p>\n\n\n\n<p><\/p>\n","protected":false},"excerpt":{"rendered":"<p>Nesta edi\u00e7\u00e3o, ficam mantidas as exposi\u00e7\u00f5es, exibi\u00e7\u00e3o de curtas metragens e o simp\u00f3sio. Por\u00e9m, n\u00e3o acontecer\u00e3o as oficinas, os cortejos de grupos folcl\u00f3ricos e os shows de cultura de massa \u00e0 noite. Ter\u00e1 in\u00edcio neste domingo, 02, e prossegue at\u00e9 o pr\u00f3ximo dia 09 de janeiro de 2022, a 47\u00aa edi\u00e7\u00e3o do tradicional encontro cultural [&hellip;]<\/p>\n","protected":false},"author":6557,"featured_media":0,"comment_status":"closed","ping_status":"closed","sticky":false,"template":"","format":"standard","meta":{"footnotes":""},"categories":[15,21,1],"tags":[7821,35669,35668],"class_list":{"0":"post-131075","1":"post","2":"type-post","3":"status-publish","4":"format-standard","6":"category-destaques","7":"category-entretenimento","8":"category-sem-categoria","9":"tag-encontro-cultural-de-laranjeiras","10":"tag-laramjeiras","11":"tag-xlvii-encontro-cultural-de-laranjeiras"},"_links":{"self":[{"href":"https:\/\/senoticias.com.br\/se\/wp-json\/wp\/v2\/posts\/131075"}],"collection":[{"href":"https:\/\/senoticias.com.br\/se\/wp-json\/wp\/v2\/posts"}],"about":[{"href":"https:\/\/senoticias.com.br\/se\/wp-json\/wp\/v2\/types\/post"}],"author":[{"embeddable":true,"href":"https:\/\/senoticias.com.br\/se\/wp-json\/wp\/v2\/users\/6557"}],"replies":[{"embeddable":true,"href":"https:\/\/senoticias.com.br\/se\/wp-json\/wp\/v2\/comments?post=131075"}],"version-history":[{"count":0,"href":"https:\/\/senoticias.com.br\/se\/wp-json\/wp\/v2\/posts\/131075\/revisions"}],"wp:attachment":[{"href":"https:\/\/senoticias.com.br\/se\/wp-json\/wp\/v2\/media?parent=131075"}],"wp:term":[{"taxonomy":"category","embeddable":true,"href":"https:\/\/senoticias.com.br\/se\/wp-json\/wp\/v2\/categories?post=131075"},{"taxonomy":"post_tag","embeddable":true,"href":"https:\/\/senoticias.com.br\/se\/wp-json\/wp\/v2\/tags?post=131075"}],"curies":[{"name":"wp","href":"https:\/\/api.w.org\/{rel}","templated":true}]}}