{"id":131073,"date":"2021-12-30T11:40:15","date_gmt":"2021-12-30T14:40:15","guid":{"rendered":"https:\/\/senoticias.com.br\/se\/?p=131073"},"modified":"2022-01-01T13:17:01","modified_gmt":"2022-01-01T16:17:01","slug":"sao-cristovao-comemora-432-anos-neste-sabado-1","status":"publish","type":"post","link":"https:\/\/senoticias.com.br\/se\/sao-cristovao-comemora-432-anos-neste-sabado-1\/","title":{"rendered":"S\u00e3o Crist\u00f3v\u00e3o comemora 432 anos neste s\u00e1bado, 1\u00b0"},"content":{"rendered":"\n<p><\/p>\n\n\n\n<p>O primeiro dia do ano, para muitos, simboliza o sentimento de renova\u00e7\u00e3o. No munic\u00edpio de S\u00e3o Crist\u00f3v\u00e3o, os moradores podem somar este sentimento ao orgulho por fazerem parte dos 432 anos de hist\u00f3ria da cidade, que ser\u00e3o completados exatamente neste s\u00e1bado (01), al\u00e9m da satisfa\u00e7\u00e3o por morarem em um munic\u00edpio em pleno desenvolvimento.<\/p>\n\n\n\n<figure class=\"wp-block-image size-large\"><img loading=\"lazy\" decoding=\"async\" width=\"560\" height=\"315\" src=\"https:\/\/senoticias.com.br\/se\/wp-content\/uploads\/2021\/12\/aniversario-de-432-anos-Sao-Cristovao-SE-Noticias.png\" alt=\"\" class=\"wp-image-131074\" srcset=\"https:\/\/senoticias.com.br\/se\/wp-content\/uploads\/2021\/12\/aniversario-de-432-anos-Sao-Cristovao-SE-Noticias.png 560w, https:\/\/senoticias.com.br\/se\/wp-content\/uploads\/2021\/12\/aniversario-de-432-anos-Sao-Cristovao-SE-Noticias-300x169.png 300w\" sizes=\"(max-width: 560px) 100vw, 560px\" \/><figcaption>A cidade de S\u00e3o Crist\u00f3v\u00e3o comemora neste s\u00e1bado (1\u00ba), 432 anos de hist\u00f3ria &#8211; Foto: ascom\/PMSC<\/figcaption><\/figure>\n\n\n\n<p><strong>Fundada no ano de 1590<\/strong>, a antiga Cidade de Sergipe ou Cidade da Vit\u00f3ria, como era chamada em refer\u00eancia \u00e0 padroeira Nossa Senhora da Vit\u00f3ria, foi a primeira capital do estado at\u00e9 1855, quando o ent\u00e3o presidente In\u00e1cio Barbosa efetivou a mudan\u00e7a da capital para o povoado Santo Ant\u00f4nio do Aracaju. Atualmente S\u00e3o Crist\u00f3v\u00e3o recebeu o t\u00edtulo de Cidade M\u00e3e de Sergipe, por meio da Lei de n\u00ba 8.824, sancionada ainda este ano.<\/p>\n\n\n\n<p>Com aproximadamente 100 mil habitantes, concentrados em uma \u00e1rea de quase 438 mil km\u00b2, a Cidade M\u00e3e de Sergipe preserva as suas riquezas materiais, imateriais e continua sendo o ber\u00e7o da cultura sergipana, que \u00e9 retratada atrav\u00e9s das manifesta\u00e7\u00f5es folcl\u00f3ricas, religiosas, da gastronomia, da arquitetura repleta de pr\u00e9dios hist\u00f3ricos, al\u00e9m dos eventos que a prefeitura faz quest\u00e3o de manter vivos, para a preserva\u00e7\u00e3o das tradi\u00e7\u00f5es do seu povo, a exemplo do Festival de Arte de S\u00e3o Crist\u00f3v\u00e3o (FASC).<\/p>\n\n\n\n<p>Para o <strong>prefeito Marcos Santana<\/strong>, \u201ccomemorar o anivers\u00e1rio de S\u00e3o Crist\u00f3v\u00e3o \u00e9 sin\u00f4nimo de muito orgulho, afinal, estamos falando da primeira cidade de Sergipe, cuja forma\u00e7\u00e3o j\u00e1 se deu com todos os poderes constitu\u00eddos \u00e0 \u00e9poca, n\u00e3o iniciou como vila, n\u00e3o tem seu anivers\u00e1rio pautado em emancipa\u00e7\u00e3o pol\u00edtica, foi a primeira capital do estado e a quarta cidade mais antiga do pa\u00eds. Ou seja, temos muita hist\u00f3ria, que pode ser pesquisada, revisitada, contada e ao longo da gest\u00e3o estamos acumulando muitas conquistas, alcan\u00e7adas atrav\u00e9s de planejamento e um incessante trabalho\u201d, destacou o prefeito.<\/p>\n\n\n\n<p><strong>Programa\u00e7\u00e3o de anivers\u00e1rio<\/strong><\/p>\n\n\n\n<p>Como praxe, a comemora\u00e7\u00e3o do anivers\u00e1rio de S\u00e3o Crist\u00f3v\u00e3o ser\u00e1 realizada atrav\u00e9s da celebra\u00e7\u00e3o de uma missa de a\u00e7\u00e3o de gra\u00e7as, que ocorrer\u00e1 neste s\u00e1bado, \u00e0s 19h na Igreja Matriz de Nossa Senhora da Vit\u00f3ria.<\/p>\n\n\n\n<p><strong>Patrim\u00f4nio Mundial da Humanidade<\/strong><\/p>\n\n\n\n<p>H\u00e1 onze anos, a Pra\u00e7a S\u00e3o Francisco se tornou Patrim\u00f4nio Mundial Cultural da Humanidade tombada pela Organiza\u00e7\u00e3o das Na\u00e7\u00f5es Unidas para a Educa\u00e7\u00e3o, a Ci\u00eancia e a Cultura (Unesco) no Brasil.<\/p>\n\n\n\n<p><em><strong>Quer receber as principais not\u00edcias do<\/strong>&nbsp;<strong>SE Not\u00edcias<\/strong>&nbsp;<strong>no seu<\/strong>&nbsp;<strong>WhatsApp?<\/strong>&nbsp;<strong><a href=\"https:\/\/api.whatsapp.com\/send?phone=5579991715289\">Clique aqui<\/a><\/strong>.<\/em><\/p>\n\n\n\n<p><strong><em>Acompanhe tamb\u00e9m o SE Not\u00edcias no&nbsp;<a rel=\"noreferrer noopener\" href=\"https:\/\/twitter.com\/Senoticias\" target=\"_blank\">Twitter<\/a>,&nbsp;<a rel=\"noreferrer noopener\" href=\"https:\/\/www.facebook.com\/senoticias1\" target=\"_blank\">Facebook<\/a>&nbsp;e no&nbsp;<a rel=\"noreferrer noopener\" href=\"https:\/\/www.instagram.com\/senoticias\/\" target=\"_blank\">Instagram<\/a><\/em><\/strong><\/p>\n\n\n\n<p>Reda\u00e7\u00e3o SE Not\u00edcias, com informa\u00e7\u00f5es da ascom\/PMSC<\/p>\n","protected":false},"excerpt":{"rendered":"<p>O primeiro dia do ano, para muitos, simboliza o sentimento de renova\u00e7\u00e3o. No munic\u00edpio de S\u00e3o Crist\u00f3v\u00e3o, os moradores podem somar este sentimento ao orgulho por fazerem parte dos 432 anos de hist\u00f3ria da cidade, que ser\u00e3o completados exatamente neste s\u00e1bado (01), al\u00e9m da satisfa\u00e7\u00e3o por morarem em um munic\u00edpio em pleno desenvolvimento. Fundada no [&hellip;]<\/p>\n","protected":false},"author":6557,"featured_media":0,"comment_status":"closed","ping_status":"closed","sticky":false,"template":"","format":"standard","meta":{"footnotes":""},"categories":[15,21,38],"tags":[35667,9569],"class_list":{"0":"post-131073","1":"post","2":"type-post","3":"status-publish","4":"format-standard","6":"category-destaques","7":"category-entretenimento","8":"category-municipios","9":"tag-aniversario-de-sao-cristovao","10":"tag-cidade-mae-de-sergipe"},"_links":{"self":[{"href":"https:\/\/senoticias.com.br\/se\/wp-json\/wp\/v2\/posts\/131073"}],"collection":[{"href":"https:\/\/senoticias.com.br\/se\/wp-json\/wp\/v2\/posts"}],"about":[{"href":"https:\/\/senoticias.com.br\/se\/wp-json\/wp\/v2\/types\/post"}],"author":[{"embeddable":true,"href":"https:\/\/senoticias.com.br\/se\/wp-json\/wp\/v2\/users\/6557"}],"replies":[{"embeddable":true,"href":"https:\/\/senoticias.com.br\/se\/wp-json\/wp\/v2\/comments?post=131073"}],"version-history":[{"count":0,"href":"https:\/\/senoticias.com.br\/se\/wp-json\/wp\/v2\/posts\/131073\/revisions"}],"wp:attachment":[{"href":"https:\/\/senoticias.com.br\/se\/wp-json\/wp\/v2\/media?parent=131073"}],"wp:term":[{"taxonomy":"category","embeddable":true,"href":"https:\/\/senoticias.com.br\/se\/wp-json\/wp\/v2\/categories?post=131073"},{"taxonomy":"post_tag","embeddable":true,"href":"https:\/\/senoticias.com.br\/se\/wp-json\/wp\/v2\/tags?post=131073"}],"curies":[{"name":"wp","href":"https:\/\/api.w.org\/{rel}","templated":true}]}}