{"id":131055,"date":"2021-12-28T19:32:42","date_gmt":"2021-12-28T22:32:42","guid":{"rendered":"https:\/\/senoticias.com.br\/se\/?p=131055"},"modified":"2021-12-28T19:41:09","modified_gmt":"2021-12-28T22:41:09","slug":"secretaria-de-estado-da-saude-reune-municipios-sobre-a-vacinacao-de-criancas-de-05-a-11-anos","status":"publish","type":"post","link":"https:\/\/senoticias.com.br\/se\/secretaria-de-estado-da-saude-reune-municipios-sobre-a-vacinacao-de-criancas-de-05-a-11-anos\/","title":{"rendered":"Secretaria de Estado da Sa\u00fade re\u00fane munic\u00edpios sobre a vacina\u00e7\u00e3o de crian\u00e7as de 05 a 11 anos"},"content":{"rendered":"\n<p><\/p>\n\n\n\n<p>A Secretaria de Estado da Sa\u00fade em reuni\u00e3o extraordin\u00e1ria realizada na tarde desta ter\u00e7a-feira, 28, com o Colegiado Intergestores Estaduais (CIE), definiu n\u00e3o aderir \u00e0s recomenda\u00e7\u00f5es do Minist\u00e9rio da Sa\u00fade em rela\u00e7\u00e3o \u00e0 prescri\u00e7\u00e3o para a vacina\u00e7\u00e3o de crian\u00e7as de 05 a 11 anos.<\/p>\n\n\n\n<figure class=\"wp-block-image size-large\"><img loading=\"lazy\" decoding=\"async\" width=\"589\" height=\"414\" src=\"https:\/\/senoticias.com.br\/se\/wp-content\/uploads\/2021\/12\/Secretaria-de-Estado-da-Saude-SE-noticias.jpeg\" alt=\"\" class=\"wp-image-131056\" srcset=\"https:\/\/senoticias.com.br\/se\/wp-content\/uploads\/2021\/12\/Secretaria-de-Estado-da-Saude-SE-noticias.jpeg 589w, https:\/\/senoticias.com.br\/se\/wp-content\/uploads\/2021\/12\/Secretaria-de-Estado-da-Saude-SE-noticias-300x211.jpeg 300w\" sizes=\"(max-width: 589px) 100vw, 589px\" \/><figcaption>Secretaria de Estado da Sa\u00fade pactua com munic\u00edpios sergipanos sobre a vacina\u00e7\u00e3o de crian\u00e7as &#8211; Foto: Valter Sobrinho<\/figcaption><\/figure>\n\n\n\n<p>A reuni\u00e3o aconteceu de maneira remota e contou com a presen\u00e7a de gestores dos 75 munic\u00edpios sergipanos. A abertura teve como convidado o professor\/pesquisador Ricardo Gurgel, representante do departamento de imuniza\u00e7\u00e3o da Sociedade Brasileira de Pediatria, o especialista compartilhou informa\u00e7\u00f5es sobre a seguran\u00e7a da vacina e acerca da necessidade de imuniza\u00e7\u00e3o do p\u00fablico infantil.<\/p>\n\n\n\n<p>\u201c\u00c9 at\u00e9 esquisito ter que defender que se vacine crian\u00e7a, algo que sempre foi uma rotina em nosso pa\u00eds. Se n\u00f3s tivermos outras faixa-et\u00e1rias vacinadas e as crian\u00e7as n\u00e3o, elas ser\u00e3o as pr\u00f3ximas a estarem nas UTIs, por isso, \u00e9 necess\u00e1rio uma alta cobertura vacinal para fazer o efeito devido, ou seja, a redu\u00e7\u00e3o dos casos ou a erradica\u00e7\u00e3o de doen\u00e7as, a exemplo de doen\u00e7as que conseguimos eliminar no Brasil por causa de vacinas\u201d, explana Ricardo.<\/p>\n\n\n\n<p>Para o diretor de Vigil\u00e2ncia em Sa\u00fade, Marco Aur\u00e9lio G\u00f3es, essa reuni\u00e3o \u00e9 um momento de unificar as a\u00e7\u00f5es, um pacto necess\u00e1rio para que a rede estadual de sa\u00fade caminhe na mesma dire\u00e7\u00e3o. \u201cNeste encontro do colegiado de intergestores, ap\u00f3s a contribui\u00e7\u00e3o do professor Ricardo, ficou pactuado que, no momento em que a vacina estiver dispon\u00edvel, ser\u00e1 aplicada em todo o estado sem restri\u00e7\u00e3o e sem a necessidade de nenhum tipo de barreira. O \u00fanico procedimento exigido ser\u00e1 a identifica\u00e7\u00e3o da crian\u00e7a, acompanhada por pais ou respons\u00e1veis, desse modo, poderemos registr\u00e1-la adequadamente no sistema de informa\u00e7\u00e3o\u201d, destaca Marco.<\/p>\n\n\n\n<p>Uma das primeiras gestoras a se posicionar contra as exig\u00eancias do minist\u00e9rio da Sa\u00fade e a favor das decis\u00f5es da SES foi a secret\u00e1ria de sa\u00fade do munic\u00edpio de Aracaju. \u201cTemos que unificar a nossa fala, defendendo a vacina\u00e7\u00e3o, objetivando atingir a meta que \u00e9 acima de 90%. A gente sabe que com os adolescentes estamos tendo algumas dificuldade, em Aracaju s\u00e3o cerca de 30% que n\u00e3o se vacinaram, estamos tendo uma redu\u00e7\u00e3o na vacina\u00e7\u00e3o, principalmente, de segunda dose. A gente precisa se fortalecer para alcan\u00e7ar os nossos objetivos, \u00e9 muito preocupante vermos cerca de 100 mil pessoas irregulares, ou seja, pessoas que n\u00e3o tomaram a primeira, ou n\u00e3o tomaram a segunda, ou n\u00e3o tomaram nenhuma. Sou a favor que n\u00e3o se fa\u00e7a exig\u00eancia de prescri\u00e7\u00e3o porque a popula\u00e7\u00e3o pobre n\u00e3o vai ter acesso, o estado tem que se posicionar que vai vacinar sem burocracias\u201d, fala Waneska Barbosa, secret\u00e1ria de Sa\u00fade no munic\u00edpio de Aracaju.<\/p>\n\n\n\n<p>Al\u00e9m dessa pactua\u00e7\u00e3o sobre a vacina\u00e7\u00e3o das crian\u00e7as, a secret\u00e1ria de Estado da Sa\u00fade, M\u00e9rcia Feitosa, falou da necessidade de reestruturar a aten\u00e7\u00e3o prim\u00e1ria mediante os casos da Gripe H3N2 que est\u00e3o acontecendo em diversos munic\u00edpios. \u201cO que estamos percebendo \u00e9 que os hospitais regionais acabam sobrecarregados com demandas que podem ser resolvidas na aten\u00e7\u00e3o prim\u00e1ria. O cidad\u00e3o acaba procurando o servi\u00e7o mais r\u00e1pido e muitas vezes n\u00e3o necessitam da aten\u00e7\u00e3o especializada, por isso, a gente est\u00e1 estruturando a rede a partir das unidades b\u00e1sicas dos munic\u00edpios, dando retaguarda tamb\u00e9m para casos que necessitam de leito cl\u00ednico\u201d, reitera a gestora.<\/p>\n\n\n\n<p><em><strong>Quer receber as principais not\u00edcias do<\/strong>&nbsp;<strong>SE Not\u00edcias<\/strong>&nbsp;<strong>no seu<\/strong>&nbsp;<strong>WhatsApp?<\/strong>&nbsp;<strong><a href=\"https:\/\/api.whatsapp.com\/send?phone=5579991715289\">Clique aqui<\/a><\/strong>.<\/em><\/p>\n\n\n\n<p><strong><em>Acompanhe tamb\u00e9m o SE Not\u00edcias no\u00a0<a rel=\"noreferrer noopener\" href=\"https:\/\/twitter.com\/Senoticias\" target=\"_blank\">Twitter<\/a>,\u00a0<a rel=\"noreferrer noopener\" href=\"https:\/\/www.facebook.com\/senoticias1\" target=\"_blank\">Facebook<\/a>\u00a0e no\u00a0<a rel=\"noreferrer noopener\" href=\"https:\/\/www.instagram.com\/senoticias\/\" target=\"_blank\">Instagram<\/a><\/em><\/strong><\/p>\n\n\n\n<p>Fonte: ascom\/SES<\/p>\n","protected":false},"excerpt":{"rendered":"<p>A Secretaria de Estado da Sa\u00fade em reuni\u00e3o extraordin\u00e1ria realizada na tarde desta ter\u00e7a-feira, 28, com o Colegiado Intergestores Estaduais (CIE), definiu n\u00e3o aderir \u00e0s recomenda\u00e7\u00f5es do Minist\u00e9rio da Sa\u00fade em rela\u00e7\u00e3o \u00e0 prescri\u00e7\u00e3o para a vacina\u00e7\u00e3o de crian\u00e7as de 05 a 11 anos. A reuni\u00e3o aconteceu de maneira remota e contou com a presen\u00e7a [&hellip;]<\/p>\n","protected":false},"author":6557,"featured_media":0,"comment_status":"closed","ping_status":"closed","sticky":false,"template":"","format":"standard","meta":{"footnotes":""},"categories":[15,6,1],"tags":[14279,544,14369,6385,35656],"class_list":{"0":"post-131055","1":"post","2":"type-post","3":"status-publish","4":"format-standard","6":"category-destaques","7":"category-politica","8":"category-sem-categoria","9":"tag-covid19","10":"tag-ministerio-da-saude","11":"tag-pandemia","12":"tag-secretaria-de-estado-da-saude","13":"tag-vacinacao-de-criancas"},"_links":{"self":[{"href":"https:\/\/senoticias.com.br\/se\/wp-json\/wp\/v2\/posts\/131055"}],"collection":[{"href":"https:\/\/senoticias.com.br\/se\/wp-json\/wp\/v2\/posts"}],"about":[{"href":"https:\/\/senoticias.com.br\/se\/wp-json\/wp\/v2\/types\/post"}],"author":[{"embeddable":true,"href":"https:\/\/senoticias.com.br\/se\/wp-json\/wp\/v2\/users\/6557"}],"replies":[{"embeddable":true,"href":"https:\/\/senoticias.com.br\/se\/wp-json\/wp\/v2\/comments?post=131055"}],"version-history":[{"count":0,"href":"https:\/\/senoticias.com.br\/se\/wp-json\/wp\/v2\/posts\/131055\/revisions"}],"wp:attachment":[{"href":"https:\/\/senoticias.com.br\/se\/wp-json\/wp\/v2\/media?parent=131055"}],"wp:term":[{"taxonomy":"category","embeddable":true,"href":"https:\/\/senoticias.com.br\/se\/wp-json\/wp\/v2\/categories?post=131055"},{"taxonomy":"post_tag","embeddable":true,"href":"https:\/\/senoticias.com.br\/se\/wp-json\/wp\/v2\/tags?post=131055"}],"curies":[{"name":"wp","href":"https:\/\/api.w.org\/{rel}","templated":true}]}}