{"id":131053,"date":"2021-12-28T18:37:42","date_gmt":"2021-12-28T21:37:42","guid":{"rendered":"https:\/\/senoticias.com.br\/se\/?p=131053"},"modified":"2021-12-28T19:31:41","modified_gmt":"2021-12-28T22:31:41","slug":"policia-militar-reforca-seguranca-de-sergipanos-e-turistas-durante-as-comemoracoes-do-reveillon","status":"publish","type":"post","link":"https:\/\/senoticias.com.br\/se\/policia-militar-reforca-seguranca-de-sergipanos-e-turistas-durante-as-comemoracoes-do-reveillon\/","title":{"rendered":"Pol\u00edcia Militar refor\u00e7a seguran\u00e7a de sergipanos e turistas durante as comemora\u00e7\u00f5es do R\u00e9veillon"},"content":{"rendered":"\n<p>O comando da Pol\u00edcia Militar de Sergipe se reuniu na manh\u00e3 desta segunda-feira, 27, no Quartel Central Geral (QCG), para planejar as a\u00e7\u00f5es que visam refor\u00e7ar a seguran\u00e7a de sergipanos e turistas durante as comemora\u00e7\u00f5es de r\u00e9veillon no estado.<\/p>\n\n\n\n<figure class=\"wp-block-image size-large\"><img loading=\"lazy\" decoding=\"async\" width=\"599\" height=\"400\" src=\"https:\/\/senoticias.com.br\/se\/wp-content\/uploads\/2021\/12\/pm-senoticias-e1640727375524.jpg\" alt=\"\" class=\"wp-image-131054\"\/><figcaption> Policiais militares estar\u00e3o em todos os munic\u00edpios do estado para garantir a seguran\u00e7a durante as festividades &#8211; Foto: PM\/SE<\/figcaption><\/figure>\n\n\n\n<p>De acordo com o comandante-geral da Corpora\u00e7\u00e3o, coronel Marcony Cabral, os policiais militares estar\u00e3o presentes em todos os munic\u00edpios sergipanos, seja em regime ordin\u00e1rio ou extraordin\u00e1rio, inclusive, com o refor\u00e7o dos 380 alunos do Curso de Forma\u00e7\u00e3o de Soldados, que atuar\u00e3o em regime de est\u00e1gio supervisionado.<\/p>\n\n\n\n<p>\u201cJ\u00e1 faz algum tempo que a Pol\u00edcia Militar vem planejando o esquema de seguran\u00e7a do r\u00e9veillon, pois embora o poder p\u00fablico tenha estabelecido que eventos externos realizados nesse per\u00edodo n\u00e3o podem ultrapassar o limite de 5 mil pessoas, para evitar o aumento de casos de s\u00edndromes gripais, muitas pessoas devem circular nas ruas e nos pontos tur\u00edsticos para comemorar a virada de ano.\u201d<\/p>\n\n\n\n<p>Al\u00e9m das vias p\u00fablicas e dos pontos tur\u00edsticos, o planejamento de seguran\u00e7a tamb\u00e9m abrange a intensifica\u00e7\u00e3o das fiscaliza\u00e7\u00f5es nas avenidas de Aracaju e nas rodovias estaduais, por meio da Companhia de Pol\u00edcia de Tr\u00e2nsito (CPTran) e do Batalh\u00e3o de Pol\u00edcia Rodovi\u00e1ria (BPRv), respectivamente.<\/p>\n\n\n\n<p>A organiza\u00e7\u00e3o da seguran\u00e7a do r\u00e9veillon tamb\u00e9m contar\u00e1 com a amplia\u00e7\u00e3o do policiamento nas vias pr\u00f3ximas a bares e restaurantes localizados no litoral sergipano. Por este motivo, o comandante da PMSE recebeu a visita do empres\u00e1rio Jos\u00e9 Wilson dos Santos, organizador do R\u00e9veillon Vidam N\u00e1utico Aracaju.<\/p>\n\n\n\n<p>\u201cViemos solicitar o apoio da Pol\u00edcia Militar, para refor\u00e7ar a seguran\u00e7a nos entornos dos estabelecimentos, garantindo a tranquilidade dos sergipanos e turistas presentes nos eventos\u201d, comentou.<\/p>\n\n\n\n<p>O coronel Marcony Cabral aproveitou a ocasi\u00e3o para desejar Feliz Ano Novo aos sergipanos, bem como, fortalecer o compromisso da Pol\u00edcia Militar com a seguran\u00e7a p\u00fablica do Estado.<\/p>\n\n\n\n<p>\u201cTemos a expectativa de que, em 2022, teremos uma redu\u00e7\u00e3o ainda maior dos \u00edndices de viol\u00eancia e criminalidade em Sergipe, consequ\u00eancia dos investimentos do Governo do Estado, do trabalho integrado desenvolvido pelas For\u00e7as de Seguran\u00e7a, mas, principalmente, da compet\u00eancia de cada policial militar que est\u00e1 diariamente nas ruas. Apesar de mais um ano que termina, o nosso trabalho nunca acaba. A miss\u00e3o de servir e proteger a sociedade sergipana \u00e9 \u2018comprida\u2019, mas tenham certeza que ser\u00e1 sempre cumprida\u201d, finalizou o comandante-geral.<\/p>\n\n\n\n<p><em><strong>Quer receber as principais not\u00edcias do<\/strong>&nbsp;<strong>SE Not\u00edcias<\/strong>&nbsp;<strong>no seu<\/strong>&nbsp;<strong>WhatsApp?<\/strong>&nbsp;<strong><a href=\"https:\/\/api.whatsapp.com\/send?phone=5579991715289\">Clique aqui<\/a><\/strong>.<\/em><\/p>\n\n\n\n<p><strong><em>Acompanhe tamb\u00e9m o SE Not\u00edcias no&nbsp;<a rel=\"noreferrer noopener\" href=\"https:\/\/twitter.com\/Senoticias\" target=\"_blank\">Twitter<\/a>,&nbsp;<a rel=\"noreferrer noopener\" href=\"https:\/\/www.facebook.com\/senoticias1\" target=\"_blank\">Facebook<\/a>&nbsp;e no&nbsp;<a rel=\"noreferrer noopener\" href=\"https:\/\/www.instagram.com\/senoticias\/\" target=\"_blank\">Instagram<\/a><\/em><\/strong><\/p>\n\n\n\n<p>Fonte: SSP\/SE<\/p>\n","protected":false},"excerpt":{"rendered":"<p>O comando da Pol\u00edcia Militar de Sergipe se reuniu na manh\u00e3 desta segunda-feira, 27, no Quartel Central Geral (QCG), para planejar as a\u00e7\u00f5es que visam refor\u00e7ar a seguran\u00e7a de sergipanos e turistas durante as comemora\u00e7\u00f5es de r\u00e9veillon no estado. De acordo com o comandante-geral da Corpora\u00e7\u00e3o, coronel Marcony Cabral, os policiais militares estar\u00e3o presentes em [&hellip;]<\/p>\n","protected":false},"author":6557,"featured_media":0,"comment_status":"closed","ping_status":"closed","sticky":false,"template":"","format":"standard","meta":{"footnotes":""},"categories":[15,7],"tags":[86,7440],"class_list":{"0":"post-131053","1":"post","2":"type-post","3":"status-publish","4":"format-standard","6":"category-destaques","7":"category-policia","8":"tag-policia-militar","9":"tag-reveillon-de-aracaju"},"_links":{"self":[{"href":"https:\/\/senoticias.com.br\/se\/wp-json\/wp\/v2\/posts\/131053"}],"collection":[{"href":"https:\/\/senoticias.com.br\/se\/wp-json\/wp\/v2\/posts"}],"about":[{"href":"https:\/\/senoticias.com.br\/se\/wp-json\/wp\/v2\/types\/post"}],"author":[{"embeddable":true,"href":"https:\/\/senoticias.com.br\/se\/wp-json\/wp\/v2\/users\/6557"}],"replies":[{"embeddable":true,"href":"https:\/\/senoticias.com.br\/se\/wp-json\/wp\/v2\/comments?post=131053"}],"version-history":[{"count":0,"href":"https:\/\/senoticias.com.br\/se\/wp-json\/wp\/v2\/posts\/131053\/revisions"}],"wp:attachment":[{"href":"https:\/\/senoticias.com.br\/se\/wp-json\/wp\/v2\/media?parent=131053"}],"wp:term":[{"taxonomy":"category","embeddable":true,"href":"https:\/\/senoticias.com.br\/se\/wp-json\/wp\/v2\/categories?post=131053"},{"taxonomy":"post_tag","embeddable":true,"href":"https:\/\/senoticias.com.br\/se\/wp-json\/wp\/v2\/tags?post=131053"}],"curies":[{"name":"wp","href":"https:\/\/api.w.org\/{rel}","templated":true}]}}