{"id":131051,"date":"2021-12-28T19:41:44","date_gmt":"2021-12-28T22:41:44","guid":{"rendered":"https:\/\/senoticias.com.br\/se\/?p=131051"},"modified":"2021-12-28T19:43:02","modified_gmt":"2021-12-28T22:43:02","slug":"sergipe-registra-primeira-morte-por-influenza-a-h3n2-diz-secretaria-de-estado-da-saude","status":"publish","type":"post","link":"https:\/\/senoticias.com.br\/se\/sergipe-registra-primeira-morte-por-influenza-a-h3n2-diz-secretaria-de-estado-da-saude\/","title":{"rendered":"Sergipe registra primeira morte por Influenza A H3N2, diz Secretaria de Estado da Sa\u00fade"},"content":{"rendered":"\n<p>Uma mulher de 36 anos, moradora de Aracaju, morreu por complica\u00e7\u00f5es provocadas pela Influenza A H3N2. A informa\u00e7\u00e3o foi divulgada pela Secretaria de Sa\u00fade de Sergipe (SES), no in\u00edcio da tarde desta ter\u00e7a-feira (28), mas a morte aconteceu no \u00faltimo dia 20.<\/p>\n\n\n\n<figure class=\"wp-block-image size-large\"><img loading=\"lazy\" decoding=\"async\" width=\"540\" height=\"419\" src=\"https:\/\/senoticias.com.br\/se\/wp-content\/uploads\/2021\/12\/Influenza-SE-Noticias-2.jpg\" alt=\"\" class=\"wp-image-131052\" srcset=\"https:\/\/senoticias.com.br\/se\/wp-content\/uploads\/2021\/12\/Influenza-SE-Noticias-2.jpg 540w, https:\/\/senoticias.com.br\/se\/wp-content\/uploads\/2021\/12\/Influenza-SE-Noticias-2-300x233.jpg 300w, https:\/\/senoticias.com.br\/se\/wp-content\/uploads\/2021\/12\/Influenza-SE-Noticias-2-45x35.jpg 45w\" sizes=\"(max-width: 540px) 100vw, 540px\" \/><figcaption>Primeira morte pela Influenza H3N2 \u00e9 confirmada em Sergipe &#8211; Foto: arquivo\/Abr<\/figcaption><\/figure>\n\n\n\n<p>De acordo com a SES, a mulher era portadora de bronquite asm\u00e1tica. A morte dela est\u00e1 registrada no Alerta Epidemiol\u00f3gico divulgado pela secretaria, que detalha qual a situa\u00e7\u00e3o do estado com rela\u00e7\u00e3o a dissemina\u00e7\u00e3o da Influenza.<\/p>\n\n\n\n<p>At\u00e9 essa segunda-feira (27), o Laborat\u00f3rio Central do Estado havia confirmado 257 casos, em 32 munic\u00edpios. Quatro pessoas precisaram ser internadas por conta da doen\u00e7a, duas em Aracaju, uma em Tomar do Geru e uma em Itabaianinha.<\/p>\n\n\n\n<p>Ainda segundo a SES, a maioria dos casos registrados no estado s\u00e3o de pessoas entre 20 e 29 anos. Elas representam 27,7% dos casos positivos at\u00e9 o momento.<\/p>\n\n\n\n<p>Dirigentes dos Hospitais Regionais e de Unidades de Pronto Atendimento (UPAS) da Rede P\u00fablica se reuniram nesta ter\u00e7a-feira com o diretor de Vigil\u00e2ncia em Sa\u00fade. Eles foram un\u00e2nimes em apontar o aumento no volume de atendimento, ocasionado principalmente pelos casos de s\u00edndrome gripal, em alguns hospitais chegando a responder por 80% dos casos que t\u00eam chegado \u00e0s portas de urg\u00eancia.<\/p>\n\n\n\n<p>De acordo com o diretor de Vigil\u00e2ncia em Sa\u00fade, Marco Aur\u00e9lio G\u00f3es, como se est\u00e1 em uma Emerg\u00eancia de Sa\u00fade P\u00fablica Internacional (A pandemia de Covid-19), todas as amostras coletadas ser\u00e3o processadas para a Covid-19, e, nos casos negativos, para outros v\u00edrus respirat\u00f3rios, incluindo o Influenza A H3N2.<\/p>\n\n\n\n<p><em><strong>Quer receber as principais not\u00edcias do<\/strong>&nbsp;<strong>SE Not\u00edcias<\/strong>&nbsp;<strong>no seu<\/strong>&nbsp;<strong>WhatsApp?<\/strong>&nbsp;<strong><a href=\"https:\/\/api.whatsapp.com\/send?phone=5579991715289\">Clique aqui<\/a><\/strong>.<\/em><\/p>\n\n\n\n<p><strong><em>Acompanhe tamb\u00e9m o SE Not\u00edcias no&nbsp;<a rel=\"noreferrer noopener\" href=\"https:\/\/twitter.com\/Senoticias\" target=\"_blank\">Twitter<\/a>,&nbsp;<a rel=\"noreferrer noopener\" href=\"https:\/\/www.facebook.com\/senoticias1\" target=\"_blank\">Facebook<\/a>&nbsp;e no&nbsp;<a rel=\"noreferrer noopener\" href=\"https:\/\/www.instagram.com\/senoticias\/\" target=\"_blank\">Instagram<\/a><\/em><\/strong><\/p>\n\n\n\n<p>Fonte: G1 SE, com informa\u00e7\u00f5es da Secretaria de Estado da Sa\u00fade<\/p>\n","protected":false},"excerpt":{"rendered":"<p>Uma mulher de 36 anos, moradora de Aracaju, morreu por complica\u00e7\u00f5es provocadas pela Influenza A H3N2. A informa\u00e7\u00e3o foi divulgada pela Secretaria de Sa\u00fade de Sergipe (SES), no in\u00edcio da tarde desta ter\u00e7a-feira (28), mas a morte aconteceu no \u00faltimo dia 20. De acordo com a SES, a mulher era portadora de bronquite asm\u00e1tica. A [&hellip;]<\/p>\n","protected":false},"author":6557,"featured_media":0,"comment_status":"closed","ping_status":"closed","sticky":false,"template":"","format":"standard","meta":{"footnotes":""},"categories":[15,6,1],"tags":[35560,35657,6385],"class_list":{"0":"post-131051","1":"post","2":"type-post","3":"status-publish","4":"format-standard","6":"category-destaques","7":"category-politica","8":"category-sem-categoria","9":"tag-influenza-a-h3n2-2","10":"tag-primeira-morte-por-influenza-a-h3n2","11":"tag-secretaria-de-estado-da-saude"},"_links":{"self":[{"href":"https:\/\/senoticias.com.br\/se\/wp-json\/wp\/v2\/posts\/131051"}],"collection":[{"href":"https:\/\/senoticias.com.br\/se\/wp-json\/wp\/v2\/posts"}],"about":[{"href":"https:\/\/senoticias.com.br\/se\/wp-json\/wp\/v2\/types\/post"}],"author":[{"embeddable":true,"href":"https:\/\/senoticias.com.br\/se\/wp-json\/wp\/v2\/users\/6557"}],"replies":[{"embeddable":true,"href":"https:\/\/senoticias.com.br\/se\/wp-json\/wp\/v2\/comments?post=131051"}],"version-history":[{"count":0,"href":"https:\/\/senoticias.com.br\/se\/wp-json\/wp\/v2\/posts\/131051\/revisions"}],"wp:attachment":[{"href":"https:\/\/senoticias.com.br\/se\/wp-json\/wp\/v2\/media?parent=131051"}],"wp:term":[{"taxonomy":"category","embeddable":true,"href":"https:\/\/senoticias.com.br\/se\/wp-json\/wp\/v2\/categories?post=131051"},{"taxonomy":"post_tag","embeddable":true,"href":"https:\/\/senoticias.com.br\/se\/wp-json\/wp\/v2\/tags?post=131051"}],"curies":[{"name":"wp","href":"https:\/\/api.w.org\/{rel}","templated":true}]}}